{"id":30,"name":"Susana Ferreira","url":"https:\/\/www.bastacheio.com","description":"Arquitecta de profiss\u00e3o e foodie de cora\u00e7\u00e3o, sou essencialmente muito curiosa e n\u00e3o consigo ver no acto de comer a satisfa\u00e7\u00e3o de uma mera necessidade fisiol\u00f3gica, mas antes dos mais essenciais momentos de felicidade.","link":"https:\/\/www.lecuine.com\/pt\/blog\/author\/susana-ferreira\/","slug":"susana-ferreira","avatar_urls":{"24":"https:\/\/www.lecuine.com\/pt\/blog\/wp-content\/uploads\/2019\/11\/susana-ferreira.png","48":"https:\/\/www.lecuine.com\/pt\/blog\/wp-content\/uploads\/2019\/11\/susana-ferreira.png","96":"https:\/\/www.lecuine.com\/pt\/blog\/wp-content\/uploads\/2019\/11\/susana-ferreira.png"},"meta":[],"acf":[],"yoast_head":"<!-- This site is optimized with the Yoast SEO plugin v23.2 - https:\/\/yoast.com\/wordpress\/plugins\/seo\/ -->\n<title>Susana Ferreira, autor en Lecuiners Portugal<\/title>\n<meta name=\"description\" content=\"Arquitecta de profiss\u00e3o e foodie de cora\u00e7\u00e3o, sou essencialmente muito curiosa e n\u00e3o consigo ver no acto de comer a satisfa\u00e7\u00e3o de uma mera necessidade fisiol\u00f3gica, mas antes dos mais essenciais momentos de felicidade.\" \/>\n<meta name=\"robots\" content=\"index, follow, max-snippet:-1, max-image-preview:large, max-video-preview:-1\" \/>\n<link rel=\"canonical\" href=\"https:\/\/www.lecuine.com\/pt\/blog\/author\/susana-ferreira\/\" \/>\n<meta property=\"og:locale\" content=\"pt_PT\" \/>\n<meta property=\"og:type\" content=\"profile\" \/>\n<meta property=\"og:title\" content=\"Susana Ferreira, autor en Lecuiners Portugal\" \/>\n<meta property=\"og:description\" content=\"Arquitecta de profiss\u00e3o e foodie de cora\u00e7\u00e3o, sou essencialmente muito curiosa e n\u00e3o consigo ver no acto de comer a satisfa\u00e7\u00e3o de uma mera necessidade fisiol\u00f3gica, mas antes dos mais essenciais momentos de felicidade.\" \/>\n<meta property=\"og:url\" content=\"https:\/\/www.lecuine.com\/pt\/blog\/author\/susana-ferreira\/\" \/>\n<meta property=\"og:site_name\" content=\"Lecuiners Portugal\" \/>\n<meta property=\"og:image\" content=\"https:\/\/www.lecuine.com\/pt\/blog\/wp-content\/uploads\/2019\/11\/susana-ferreira.png\" \/>\n\t<meta property=\"og:image:width\" content=\"60\" \/>\n\t<meta property=\"og:image:height\" content=\"60\" \/>\n\t<meta property=\"og:image:type\" content=\"image\/png\" \/>\n<meta name=\"twitter:card\" content=\"summary_large_image\" \/>\n<script type=\"application\/ld+json\" class=\"yoast-schema-graph\">{\"@context\":\"https:\/\/schema.org\",\"@graph\":[{\"@type\":\"ProfilePage\",\"@id\":\"https:\/\/www.lecuine.com\/pt\/blog\/author\/susana-ferreira\/\",\"url\":\"https:\/\/www.lecuine.com\/pt\/blog\/author\/susana-ferreira\/\",\"name\":\"Susana Ferreira, autor en Lecuiners Portugal\",\"isPartOf\":{\"@id\":\"https:\/\/www.lecuine.com\/pt\/blog\/#website\"},\"description\":\"Arquitecta de profiss\u00e3o e foodie de cora\u00e7\u00e3o, sou essencialmente muito curiosa e n\u00e3o consigo ver no acto de comer a satisfa\u00e7\u00e3o de uma mera necessidade fisiol\u00f3gica, mas antes dos mais essenciais momentos de felicidade.\",\"inLanguage\":\"pt-PT\",\"potentialAction\":[{\"@type\":\"ReadAction\",\"target\":[\"https:\/\/www.lecuine.com\/pt\/blog\/author\/susana-ferreira\/\"]}]},{\"@type\":\"WebSite\",\"@id\":\"https:\/\/www.lecuine.com\/pt\/blog\/#website\",\"url\":\"https:\/\/www.lecuine.com\/pt\/blog\/\",\"name\":\"Lecuiners Portugal\",\"description\":\"Melhore a sua cozinha\",\"potentialAction\":[{\"@type\":\"SearchAction\",\"target\":{\"@type\":\"EntryPoint\",\"urlTemplate\":\"https:\/\/www.lecuine.com\/pt\/blog\/?s={search_term_string}\"},\"query-input\":\"required name=search_term_string\"}],\"inLanguage\":\"pt-PT\"},{\"@type\":\"Person\",\"@id\":\"https:\/\/www.lecuine.com\/pt\/blog\/#\/schema\/person\/c628a97d943e4440badc5c354ca1f1d2\",\"name\":\"Susana Ferreira\",\"image\":{\"@type\":\"ImageObject\",\"inLanguage\":\"pt-PT\",\"@id\":\"https:\/\/www.lecuine.com\/pt\/blog\/#\/schema\/person\/image\/\",\"url\":\"https:\/\/www.lecuine.com\/pt\/blog\/wp-content\/uploads\/2019\/11\/susana-ferreira.png\",\"contentUrl\":\"https:\/\/www.lecuine.com\/pt\/blog\/wp-content\/uploads\/2019\/11\/susana-ferreira.png\",\"caption\":\"Susana Ferreira\"},\"description\":\"Arquitecta de profiss\u00e3o e foodie de cora\u00e7\u00e3o, sou essencialmente muito curiosa e n\u00e3o consigo ver no acto de comer a satisfa\u00e7\u00e3o de uma mera necessidade fisiol\u00f3gica, mas antes dos mais essenciais momentos de felicidade.\",\"sameAs\":[\"https:\/\/www.bastacheio.com\"],\"mainEntityOfPage\":{\"@id\":\"https:\/\/www.lecuine.com\/pt\/blog\/author\/susana-ferreira\/\"}}]}<\/script>\n<!-- \/ Yoast SEO plugin. -->","yoast_head_json":{"title":"Susana Ferreira, autor en Lecuiners Portugal","description":"Arquitecta de profiss\u00e3o e foodie de cora\u00e7\u00e3o, sou essencialmente muito curiosa e n\u00e3o consigo ver no acto de comer a satisfa\u00e7\u00e3o de uma mera necessidade fisiol\u00f3gica, mas antes dos mais essenciais momentos de felicidade.","robots":{"index":"index","follow":"follow","max-snippet":"max-snippet:-1","max-image-preview":"max-image-preview:large","max-video-preview":"max-video-preview:-1"},"canonical":"https:\/\/www.lecuine.com\/pt\/blog\/author\/susana-ferreira\/","og_locale":"pt_PT","og_type":"profile","og_title":"Susana Ferreira, autor en Lecuiners Portugal","og_description":"Arquitecta de profiss\u00e3o e foodie de cora\u00e7\u00e3o, sou essencialmente muito curiosa e n\u00e3o consigo ver no acto de comer a satisfa\u00e7\u00e3o de uma mera necessidade fisiol\u00f3gica, mas antes dos mais essenciais momentos de felicidade.","og_url":"https:\/\/www.lecuine.com\/pt\/blog\/author\/susana-ferreira\/","og_site_name":"Lecuiners Portugal","og_image":[{"width":60,"height":60,"url":"https:\/\/www.lecuine.com\/pt\/blog\/wp-content\/uploads\/2019\/11\/susana-ferreira.png","type":"image\/png"}],"twitter_card":"summary_large_image","schema":{"@context":"https:\/\/schema.org","@graph":[{"@type":"ProfilePage","@id":"https:\/\/www.lecuine.com\/pt\/blog\/author\/susana-ferreira\/","url":"https:\/\/www.lecuine.com\/pt\/blog\/author\/susana-ferreira\/","name":"Susana Ferreira, autor en Lecuiners Portugal","isPartOf":{"@id":"https:\/\/www.lecuine.com\/pt\/blog\/#website"},"description":"Arquitecta de profiss\u00e3o e foodie de cora\u00e7\u00e3o, sou essencialmente muito curiosa e n\u00e3o consigo ver no acto de comer a satisfa\u00e7\u00e3o de uma mera necessidade fisiol\u00f3gica, mas antes dos mais essenciais momentos de felicidade.","inLanguage":"pt-PT","potentialAction":[{"@type":"ReadAction","target":["https:\/\/www.lecuine.com\/pt\/blog\/author\/susana-ferreira\/"]}]},{"@type":"WebSite","@id":"https:\/\/www.lecuine.com\/pt\/blog\/#website","url":"https:\/\/www.lecuine.com\/pt\/blog\/","name":"Lecuiners Portugal","description":"Melhore a sua cozinha","potentialAction":[{"@type":"SearchAction","target":{"@type":"EntryPoint","urlTemplate":"https:\/\/www.lecuine.com\/pt\/blog\/?s={search_term_string}"},"query-input":"required name=search_term_string"}],"inLanguage":"pt-PT"},{"@type":"Person","@id":"https:\/\/www.lecuine.com\/pt\/blog\/#\/schema\/person\/c628a97d943e4440badc5c354ca1f1d2","name":"Susana Ferreira","image":{"@type":"ImageObject","inLanguage":"pt-PT","@id":"https:\/\/www.lecuine.com\/pt\/blog\/#\/schema\/person\/image\/","url":"https:\/\/www.lecuine.com\/pt\/blog\/wp-content\/uploads\/2019\/11\/susana-ferreira.png","contentUrl":"https:\/\/www.lecuine.com\/pt\/blog\/wp-content\/uploads\/2019\/11\/susana-ferreira.png","caption":"Susana Ferreira"},"description":"Arquitecta de profiss\u00e3o e foodie de cora\u00e7\u00e3o, sou essencialmente muito curiosa e n\u00e3o consigo ver no acto de comer a satisfa\u00e7\u00e3o de uma mera necessidade fisiol\u00f3gica, mas antes dos mais essenciais momentos de felicidade.","sameAs":["https:\/\/www.bastacheio.com"],"mainEntityOfPage":{"@id":"https:\/\/www.lecuine.com\/pt\/blog\/author\/susana-ferreira\/"}}]}},"_links":{"self":[{"href":"https:\/\/www.lecuine.com\/pt\/blog\/wp-json\/wp\/v2\/users\/30"}],"collection":[{"href":"https:\/\/www.lecuine.com\/pt\/blog\/wp-json\/wp\/v2\/users"}]}}