{"id":7958,"date":"2019-11-18T13:25:14","date_gmt":"2019-11-18T13:25:14","guid":{"rendered":"\/pt\/blog\/?p=7958"},"modified":"2024-06-18T14:32:06","modified_gmt":"2024-06-18T14:32:06","slug":"bundt-cake-de-abobora-noz-e-especiarias","status":"publish","type":"post","link":"https:\/\/www.lecuine.com\/pt\/blog\/bundt-cake-de-abobora-noz-e-especiarias\/","title":{"rendered":"Bundt cake de ab\u00f3bora, noz e especiarias"},"content":{"rendered":"","protected":false},"excerpt":{"rendered":"","protected":false},"author":30,"featured_media":7961,"comment_status":"open","ping_status":"open","sticky":false,"template":"","format":"standard","meta":{"_acf_changed":false,"footnotes":""},"categories":[5],"tags":[],"class_list":["post-7958","post","type-post","status-publish","format-standard","has-post-thumbnail","hentry","category-receitas"],"acf":[],"yoast_head":"<!-- This site is optimized with the Yoast SEO plugin v23.2 - https:\/\/yoast.com\/wordpress\/plugins\/seo\/ -->\n<title>Bundt cake de ab\u00f3bora, noz e especiarias - Lecuiners Portugal<\/title>\n<meta name=\"robots\" content=\"index, follow, max-snippet:-1, max-image-preview:large, max-video-preview:-1\" \/>\n<link rel=\"canonical\" href=\"https:\/\/www.lecuine.com\/pt\/blog\/bundt-cake-de-abobora-noz-e-especiarias\/\" \/>\n<meta property=\"og:locale\" content=\"pt_PT\" \/>\n<meta property=\"og:type\" content=\"article\" \/>\n<meta property=\"og:title\" content=\"Bundt cake de ab\u00f3bora, noz e especiarias - Lecuiners Portugal\" \/>\n<meta property=\"og:url\" content=\"https:\/\/www.lecuine.com\/pt\/blog\/bundt-cake-de-abobora-noz-e-especiarias\/\" \/>\n<meta property=\"og:site_name\" content=\"Lecuiners Portugal\" \/>\n<meta property=\"article:publisher\" content=\"https:\/\/www.facebook.com\/lecuineportugal\/\" \/>\n<meta property=\"article:published_time\" content=\"2019-11-18T13:25:14+00:00\" \/>\n<meta property=\"article:modified_time\" content=\"2024-06-18T14:32:06+00:00\" \/>\n<meta property=\"og:image\" content=\"https:\/\/www.lecuine.com\/pt\/blog\/wp-content\/uploads\/2019\/11\/receta-bundt-cake-calabaza.jpg\" \/>\n\t<meta property=\"og:image:width\" content=\"861\" \/>\n\t<meta property=\"og:image:height\" content=\"560\" \/>\n\t<meta property=\"og:image:type\" content=\"image\/jpeg\" \/>\n<meta name=\"author\" content=\"Susana Ferreira\" \/>\n<meta name=\"twitter:card\" content=\"summary_large_image\" \/>\n<meta name=\"twitter:label1\" content=\"Escrito por\" \/>\n\t<meta name=\"twitter:data1\" content=\"Susana Ferreira\" \/>\n\t<meta name=\"twitter:label2\" content=\"Tempo estimado de leitura\" \/>\n\t<meta name=\"twitter:data2\" content=\"2 minutos\" \/>\n<script type=\"application\/ld+json\" class=\"yoast-schema-graph\">{\"@context\":\"https:\/\/schema.org\",\"@graph\":[{\"@type\":\"WebPage\",\"@id\":\"https:\/\/www.lecuine.com\/pt\/blog\/bundt-cake-de-abobora-noz-e-especiarias\/\",\"url\":\"https:\/\/www.lecuine.com\/pt\/blog\/bundt-cake-de-abobora-noz-e-especiarias\/\",\"name\":\"Bundt cake de ab\u00f3bora, noz e especiarias - Lecuiners Portugal\",\"isPartOf\":{\"@id\":\"https:\/\/www.lecuine.com\/pt\/blog\/#website\"},\"primaryImageOfPage\":{\"@id\":\"https:\/\/www.lecuine.com\/pt\/blog\/bundt-cake-de-abobora-noz-e-especiarias\/#primaryimage\"},\"image\":{\"@id\":\"https:\/\/www.lecuine.com\/pt\/blog\/bundt-cake-de-abobora-noz-e-especiarias\/#primaryimage\"},\"thumbnailUrl\":\"https:\/\/www.lecuine.com\/pt\/blog\/wp-content\/uploads\/2019\/11\/receta-bundt-cake-calabaza.jpg\",\"datePublished\":\"2019-11-18T13:25:14+00:00\",\"dateModified\":\"2024-06-18T14:32:06+00:00\",\"author\":{\"@id\":\"https:\/\/www.lecuine.com\/pt\/blog\/#\/schema\/person\/c628a97d943e4440badc5c354ca1f1d2\"},\"inLanguage\":\"pt-PT\",\"potentialAction\":[{\"@type\":\"ReadAction\",\"target\":[\"https:\/\/www.lecuine.com\/pt\/blog\/bundt-cake-de-abobora-noz-e-especiarias\/\"]}]},{\"@type\":\"ImageObject\",\"inLanguage\":\"pt-PT\",\"@id\":\"https:\/\/www.lecuine.com\/pt\/blog\/bundt-cake-de-abobora-noz-e-especiarias\/#primaryimage\",\"url\":\"https:\/\/www.lecuine.com\/pt\/blog\/wp-content\/uploads\/2019\/11\/receta-bundt-cake-calabaza.jpg\",\"contentUrl\":\"https:\/\/www.lecuine.com\/pt\/blog\/wp-content\/uploads\/2019\/11\/receta-bundt-cake-calabaza.jpg\",\"width\":861,\"height\":560},{\"@type\":\"WebSite\",\"@id\":\"https:\/\/www.lecuine.com\/pt\/blog\/#website\",\"url\":\"https:\/\/www.lecuine.com\/pt\/blog\/\",\"name\":\"Lecuiners Portugal\",\"description\":\"Melhore a sua cozinha\",\"potentialAction\":[{\"@type\":\"SearchAction\",\"target\":{\"@type\":\"EntryPoint\",\"urlTemplate\":\"https:\/\/www.lecuine.com\/pt\/blog\/?s={search_term_string}\"},\"query-input\":\"required name=search_term_string\"}],\"inLanguage\":\"pt-PT\"},{\"@type\":\"Person\",\"@id\":\"https:\/\/www.lecuine.com\/pt\/blog\/#\/schema\/person\/c628a97d943e4440badc5c354ca1f1d2\",\"name\":\"Susana Ferreira\",\"image\":{\"@type\":\"ImageObject\",\"inLanguage\":\"pt-PT\",\"@id\":\"https:\/\/www.lecuine.com\/pt\/blog\/#\/schema\/person\/image\/\",\"url\":\"https:\/\/www.lecuine.com\/pt\/blog\/wp-content\/uploads\/2019\/11\/susana-ferreira.png\",\"contentUrl\":\"https:\/\/www.lecuine.com\/pt\/blog\/wp-content\/uploads\/2019\/11\/susana-ferreira.png\",\"caption\":\"Susana Ferreira\"},\"description\":\"Arquitecta de profiss\u00e3o e foodie de cora\u00e7\u00e3o, sou essencialmente muito curiosa e n\u00e3o consigo ver no acto de comer a satisfa\u00e7\u00e3o de uma mera necessidade fisiol\u00f3gica, mas antes dos mais essenciais momentos de felicidade.\",\"sameAs\":[\"https:\/\/www.bastacheio.com\"],\"url\":\"https:\/\/www.lecuine.com\/pt\/blog\/author\/susana-ferreira\/\"}]}<\/script>\n<!-- \/ Yoast SEO plugin. -->","yoast_head_json":{"title":"Bundt cake de ab\u00f3bora, noz e especiarias - Lecuiners Portugal","robots":{"index":"index","follow":"follow","max-snippet":"max-snippet:-1","max-image-preview":"max-image-preview:large","max-video-preview":"max-video-preview:-1"},"canonical":"https:\/\/www.lecuine.com\/pt\/blog\/bundt-cake-de-abobora-noz-e-especiarias\/","og_locale":"pt_PT","og_type":"article","og_title":"Bundt cake de ab\u00f3bora, noz e especiarias - Lecuiners Portugal","og_url":"https:\/\/www.lecuine.com\/pt\/blog\/bundt-cake-de-abobora-noz-e-especiarias\/","og_site_name":"Lecuiners Portugal","article_publisher":"https:\/\/www.facebook.com\/lecuineportugal\/","article_published_time":"2019-11-18T13:25:14+00:00","article_modified_time":"2024-06-18T14:32:06+00:00","og_image":[{"width":861,"height":560,"url":"https:\/\/www.lecuine.com\/pt\/blog\/wp-content\/uploads\/2019\/11\/receta-bundt-cake-calabaza.jpg","type":"image\/jpeg"}],"author":"Susana Ferreira","twitter_card":"summary_large_image","twitter_misc":{"Escrito por":"Susana Ferreira","Tempo estimado de leitura":"2 minutos"},"schema":{"@context":"https:\/\/schema.org","@graph":[{"@type":"WebPage","@id":"https:\/\/www.lecuine.com\/pt\/blog\/bundt-cake-de-abobora-noz-e-especiarias\/","url":"https:\/\/www.lecuine.com\/pt\/blog\/bundt-cake-de-abobora-noz-e-especiarias\/","name":"Bundt cake de ab\u00f3bora, noz e especiarias - Lecuiners Portugal","isPartOf":{"@id":"https:\/\/www.lecuine.com\/pt\/blog\/#website"},"primaryImageOfPage":{"@id":"https:\/\/www.lecuine.com\/pt\/blog\/bundt-cake-de-abobora-noz-e-especiarias\/#primaryimage"},"image":{"@id":"https:\/\/www.lecuine.com\/pt\/blog\/bundt-cake-de-abobora-noz-e-especiarias\/#primaryimage"},"thumbnailUrl":"https:\/\/www.lecuine.com\/pt\/blog\/wp-content\/uploads\/2019\/11\/receta-bundt-cake-calabaza.jpg","datePublished":"2019-11-18T13:25:14+00:00","dateModified":"2024-06-18T14:32:06+00:00","author":{"@id":"https:\/\/www.lecuine.com\/pt\/blog\/#\/schema\/person\/c628a97d943e4440badc5c354ca1f1d2"},"inLanguage":"pt-PT","potentialAction":[{"@type":"ReadAction","target":["https:\/\/www.lecuine.com\/pt\/blog\/bundt-cake-de-abobora-noz-e-especiarias\/"]}]},{"@type":"ImageObject","inLanguage":"pt-PT","@id":"https:\/\/www.lecuine.com\/pt\/blog\/bundt-cake-de-abobora-noz-e-especiarias\/#primaryimage","url":"https:\/\/www.lecuine.com\/pt\/blog\/wp-content\/uploads\/2019\/11\/receta-bundt-cake-calabaza.jpg","contentUrl":"https:\/\/www.lecuine.com\/pt\/blog\/wp-content\/uploads\/2019\/11\/receta-bundt-cake-calabaza.jpg","width":861,"height":560},{"@type":"WebSite","@id":"https:\/\/www.lecuine.com\/pt\/blog\/#website","url":"https:\/\/www.lecuine.com\/pt\/blog\/","name":"Lecuiners Portugal","description":"Melhore a sua cozinha","potentialAction":[{"@type":"SearchAction","target":{"@type":"EntryPoint","urlTemplate":"https:\/\/www.lecuine.com\/pt\/blog\/?s={search_term_string}"},"query-input":"required name=search_term_string"}],"inLanguage":"pt-PT"},{"@type":"Person","@id":"https:\/\/www.lecuine.com\/pt\/blog\/#\/schema\/person\/c628a97d943e4440badc5c354ca1f1d2","name":"Susana Ferreira","image":{"@type":"ImageObject","inLanguage":"pt-PT","@id":"https:\/\/www.lecuine.com\/pt\/blog\/#\/schema\/person\/image\/","url":"https:\/\/www.lecuine.com\/pt\/blog\/wp-content\/uploads\/2019\/11\/susana-ferreira.png","contentUrl":"https:\/\/www.lecuine.com\/pt\/blog\/wp-content\/uploads\/2019\/11\/susana-ferreira.png","caption":"Susana Ferreira"},"description":"Arquitecta de profiss\u00e3o e foodie de cora\u00e7\u00e3o, sou essencialmente muito curiosa e n\u00e3o consigo ver no acto de comer a satisfa\u00e7\u00e3o de uma mera necessidade fisiol\u00f3gica, mas antes dos mais essenciais momentos de felicidade.","sameAs":["https:\/\/www.bastacheio.com"],"url":"https:\/\/www.lecuine.com\/pt\/blog\/author\/susana-ferreira\/"}]}},"_links":{"self":[{"href":"https:\/\/www.lecuine.com\/pt\/blog\/wp-json\/wp\/v2\/posts\/7958"}],"collection":[{"href":"https:\/\/www.lecuine.com\/pt\/blog\/wp-json\/wp\/v2\/posts"}],"about":[{"href":"https:\/\/www.lecuine.com\/pt\/blog\/wp-json\/wp\/v2\/types\/post"}],"author":[{"embeddable":true,"href":"https:\/\/www.lecuine.com\/pt\/blog\/wp-json\/wp\/v2\/users\/30"}],"replies":[{"embeddable":true,"href":"https:\/\/www.lecuine.com\/pt\/blog\/wp-json\/wp\/v2\/comments?post=7958"}],"version-history":[{"count":10,"href":"https:\/\/www.lecuine.com\/pt\/blog\/wp-json\/wp\/v2\/posts\/7958\/revisions"}],"predecessor-version":[{"id":8722,"href":"https:\/\/www.lecuine.com\/pt\/blog\/wp-json\/wp\/v2\/posts\/7958\/revisions\/8722"}],"wp:featuredmedia":[{"embeddable":true,"href":"https:\/\/www.lecuine.com\/pt\/blog\/wp-json\/wp\/v2\/media\/7961"}],"wp:attachment":[{"href":"https:\/\/www.lecuine.com\/pt\/blog\/wp-json\/wp\/v2\/media?parent=7958"}],"wp:term":[{"taxonomy":"category","embeddable":true,"href":"https:\/\/www.lecuine.com\/pt\/blog\/wp-json\/wp\/v2\/categories?post=7958"},{"taxonomy":"post_tag","embeddable":true,"href":"https:\/\/www.lecuine.com\/pt\/blog\/wp-json\/wp\/v2\/tags?post=7958"}],"curies":[{"name":"wp","href":"https:\/\/api.w.org\/{rel}","templated":true}]}}