{"id":7535,"date":"2018-05-17T19:02:07","date_gmt":"2018-05-17T19:02:07","guid":{"rendered":"\/pt\/blog\/?p=7535"},"modified":"2024-06-18T14:11:27","modified_gmt":"2024-06-18T14:11:27","slug":"frigideiras-de-buyer-em-ferro-mineral-b","status":"publish","type":"post","link":"https:\/\/www.lecuine.com\/pt\/blog\/frigideiras-de-buyer-em-ferro-mineral-b\/","title":{"rendered":"As frigideiras De Buyer em ferro mineral B"},"content":{"rendered":"<h2>Um regresso \u00e0s origens<\/h2>\n<p>Frigideiras ecol\u00f3gicas em ferro. O ferro \u00e9 um material que, quando bem tratado, n\u00e3o sofre desgaste com a utiliza\u00e7\u00e3o. Permitem-nos, ainda, desfrutar de uma cozinha natural e tradicional, como a das nossas av\u00f3s.<\/p>\n<h2>Caracter\u00edsticas e manuten\u00e7\u00e3o das frigideiras em ferro mineral B De Buyer<\/h2>\n<p>As frigideiras de Buyer da s\u00e9rie Mineral B, s\u00e3o fabricadas 100% em ferro mineral, polidas com cera de abelha, que aporta uma prote\u00e7\u00e3o natural anti-oxida\u00e7\u00e3o. S\u00e3o, portanto, isentas de elementos qu\u00edmicos.<\/p>\n<h2>Frigideiras para todas as fontes de calor<\/h2>\n<p>Cozinha a g\u00e1s? A indu\u00e7\u00e3o? As frigideiras em ferro mineral s\u00e3o aptas para todas as fontes de calor. Pode cozinhar a g\u00e1s, na placa el\u00e9trica, indu\u00e7\u00e3o, diretamente no fogo, ou at\u00e9 no forno!<\/p>\n<p><a href=\"https:\/\/www.lecuine.pt\/de-buyer_16\"><img loading=\"lazy\" decoding=\"async\" class=\"aligncenter wp-image-7556 size-full\" title=\"Tortilha de batatas frigideiras De Buyer em ferro mineral\" src=\"\/pt\/blog\/wp-content\/uploads\/2018\/05\/frigideiras_ferro_debuyer_3.jpg\" alt=\"Tortilha de batatas frigideiras De Buyer em ferro mineral\" width=\"825\" height=\"589\" srcset=\"https:\/\/www.lecuine.com\/pt\/blog\/wp-content\/uploads\/2018\/05\/frigideiras_ferro_debuyer_3.jpg 825w, https:\/\/www.lecuine.com\/pt\/blog\/wp-content\/uploads\/2018\/05\/frigideiras_ferro_debuyer_3-300x214.jpg 300w, https:\/\/www.lecuine.com\/pt\/blog\/wp-content\/uploads\/2018\/05\/frigideiras_ferro_debuyer_3-768x548.jpg 768w, https:\/\/www.lecuine.com\/pt\/blog\/wp-content\/uploads\/2018\/05\/frigideiras_ferro_debuyer_3-60x42.jpg 60w\" sizes=\"(max-width: 825px) 100vw, 825px\" \/><\/a><\/p>\n<h2>Frigideiras ecol\u00f3gicas<\/h2>\n<p>As frigideiras em ferro De Buyer s\u00e3o fabricadas respeitando ao <strong>m\u00e1ximo o meio-ambiente<\/strong>, pelo que podemos dizer que s\u00e3o ecol\u00f3gicas e, portanto, recicl\u00e1veis, se bem que, como duram muitos anos, com apenas alguns cuidados de manuten\u00e7\u00e3o, poder\u00e3o durar uma vida inteira tornando-se, assim, um bom investimento.<\/p>\n<p>S\u00e3o perfeitas para fritar, corar, tostar e at\u00e9 saltear, pois o ferro mineral tem uma boa capacidade de <strong>distribui\u00e7\u00e3o do calor<\/strong> por toda a superf\u00edcie.<\/p>\n<p>Quanto mais se usam, menos a comida se agarra, ou seja, com a utiliza\u00e7\u00e3o, as frigideiras em ferro mineral ganham uma antiader\u00eancia natural e, apesar de, esteticamente ficarem mais escuras, a comida ter\u00e1 um sabor <strong>inigual\u00e1vel<\/strong>.<\/p>\n<h2>Como cuidar as frigideiras em ferro mineral<\/h2>\n<p>Como todos os produtos, as frigideiras em ferro mineral B de Buyer tamb\u00e9m t\u00eam <strong>alguns sen\u00e3os<\/strong>, mas poucos! E basta, depois de utilizar, limpar bem com \u00e1gua morna, secar e untar com um pouco de \u00f3leo antes de armazenar; esta opera\u00e7\u00e3o evitar\u00e1 que a frigideira oxide quando n\u00e3o \u00e9 utilizada.<\/p>\n<p><a href=\"https:\/\/www.lecuine.pt\/de-buyer_16\"><img loading=\"lazy\" decoding=\"async\" class=\"aligncenter wp-image-7555 size-full\" title=\"Frigideiras De Buyer em ferro mineral\" src=\"\/pt\/blog\/wp-content\/uploads\/2018\/05\/frigideiras_ferro_debuyer_2.jpg\" alt=\"Frigideiras De Buyer em ferro mineral\" width=\"825\" height=\"550\" srcset=\"https:\/\/www.lecuine.com\/pt\/blog\/wp-content\/uploads\/2018\/05\/frigideiras_ferro_debuyer_2.jpg 825w, https:\/\/www.lecuine.com\/pt\/blog\/wp-content\/uploads\/2018\/05\/frigideiras_ferro_debuyer_2-300x200.jpg 300w, https:\/\/www.lecuine.com\/pt\/blog\/wp-content\/uploads\/2018\/05\/frigideiras_ferro_debuyer_2-768x512.jpg 768w\" sizes=\"(max-width: 825px) 100vw, 825px\" \/><\/a><\/p>\n<h3><span style=\"font-weight: 400;\">De vez em quando, pode ainda purific\u00e1-la:<\/span><\/h3>\n<ol>\n<li><span style=\"font-weight: 400;\">Antes de utilizar a frigideira pela primeira vez, dever\u00e1 lav\u00e1-la com \u00e1gua bem quente, e um pouco de detergente, esfregando com uma esponja para remover qualquer res\u00edduo da cera;<\/span><\/li>\n<li><span style=\"font-weight: 400;\">Depois de lavada, secar bem com papel absorvente;<\/span><\/li>\n<li><span style=\"font-weight: 400;\"> Uma vez seca, adicionar cerca de 1 cm de \u00f3leo vegetal neutro e aquecer durante 5 minutos. Remover o \u00f3leo e limpar novamente a frigideira com papel absorvente.<\/span><\/li>\n<li><span style=\"font-weight: 400;\"> Deixar arrefecer e guardar num local onde esteja protegida de pancadas.<\/span><\/li>\n<li><span style=\"font-weight: 400;\"> Quanto mais utilizar a frigideira, mais escura ir\u00e1 ficar, e maior ser\u00e1 a antiader\u00eancia da mesma.<\/span><\/li>\n<li><span style=\"font-weight: 400;\"> Sempre que quiser utilizar a frigideira, aque\u00e7a-a com um pouco de gordura (\u00f3leo, azeite ou manteiga), utilize-a como uma frigideira normal e depois lave-a com \u00e1gua quente, detergente e uma esponja. Se tiver restos de comida, n\u00e3o se deve deixar de molho, \u00e9 prefer\u00edvel esfregar com um esfreg\u00e3o verde. Seque-a bem com papel e unte com um pouco de \u00f3leo antes de a guardar.<\/span><\/li>\n<li><span style=\"font-weight: 400;\"> O ferro atinge temperaturas muito elevadas, pelo que deve ser tido algum cuidado com a pot\u00eancia do fog\u00e3o.<\/span><\/li>\n<li><span style=\"font-weight: 400;\"> Caso detete res\u00edduos de cera de abelha na placa durante a utiliza\u00e7\u00e3o da frigideira, dever\u00e1 remov\u00ea-la ainda quente, com um pouco de papel de cozinha.<\/span><\/li>\n<li><span style=\"font-weight: 400;\"> Utilize sempre utens\u00edlios em madeira ou silicone, para evitar que a base da frigideira seja danificada.<\/span><\/li>\n<li><span style=\"font-weight: 400;\"> Se seguir todos estes passos, ter\u00e1 uma frigideira que ir\u00e1 durar a vida inteira!<\/span><\/li>\n<\/ol>\n<p>Para comprar alguma das <a href=\"https:\/\/www.lecuine.pt\/de-buyer_16\">frigideiras em ferro mineral B De Buyer<\/a>, aceda a Lecuine.pt e compre a sua frigideira do tamanho que quiser, bem como em packs e poupe 5% com o c\u00f3digo desconto \u201c<strong>soulecuiner<\/strong>\u201d.<\/p>\n<p>Caso ainda restem d\u00favidas sobre as maravilhosas presta\u00e7\u00f5es ou cuidados de manuten\u00e7\u00e3o das frigideiras em ferro Mineral B De Buyer, n\u00e3o hesite em consultar-nos atrav\u00e9s do formul\u00e1rio abaixo.<\/p>\n","protected":false},"excerpt":{"rendered":"<p>Um regresso \u00e0s origens Frigideiras ecol\u00f3gicas em ferro. O ferro \u00e9 um material que, quando bem tratado, n\u00e3o sofre desgaste com a utiliza\u00e7\u00e3o. Permitem-nos, ainda, desfrutar de uma cozinha natural e tradicional, como a das nossas av\u00f3s. Caracter\u00edsticas e manuten\u00e7\u00e3o das frigideiras em ferro mineral B De Buyer As frigideiras de Buyer da s\u00e9rie Mineral&#8230;<\/p>\n","protected":false},"author":1,"featured_media":7554,"comment_status":"open","ping_status":"open","sticky":false,"template":"","format":"standard","meta":{"_acf_changed":false,"footnotes":""},"categories":[1],"tags":[],"class_list":["post-7535","post","type-post","status-publish","format-standard","has-post-thumbnail","hentry","category-analise"],"acf":[],"yoast_head":"<!-- This site is optimized with the Yoast SEO plugin v23.2 - https:\/\/yoast.com\/wordpress\/plugins\/seo\/ -->\n<title>As frigideiras De Buyer em ferro mineral B - Lecuiners Portugal<\/title>\n<meta name=\"robots\" content=\"index, follow, max-snippet:-1, max-image-preview:large, max-video-preview:-1\" \/>\n<link rel=\"canonical\" href=\"https:\/\/www.lecuine.com\/pt\/blog\/frigideiras-de-buyer-em-ferro-mineral-b\/\" \/>\n<meta property=\"og:locale\" content=\"pt_PT\" \/>\n<meta property=\"og:type\" content=\"article\" \/>\n<meta property=\"og:title\" content=\"As frigideiras De Buyer em ferro mineral B - Lecuiners Portugal\" \/>\n<meta property=\"og:description\" content=\"Um regresso \u00e0s origens Frigideiras ecol\u00f3gicas em ferro. O ferro \u00e9 um material que, quando bem tratado, n\u00e3o sofre desgaste com a utiliza\u00e7\u00e3o. Permitem-nos, ainda, desfrutar de uma cozinha natural e tradicional, como a das nossas av\u00f3s. Caracter\u00edsticas e manuten\u00e7\u00e3o das frigideiras em ferro mineral B De Buyer As frigideiras de Buyer da s\u00e9rie Mineral...\" \/>\n<meta property=\"og:url\" content=\"https:\/\/www.lecuine.com\/pt\/blog\/frigideiras-de-buyer-em-ferro-mineral-b\/\" \/>\n<meta property=\"og:site_name\" content=\"Lecuiners Portugal\" \/>\n<meta property=\"article:publisher\" content=\"https:\/\/www.facebook.com\/lecuineportugal\/\" \/>\n<meta property=\"article:author\" content=\"https:\/\/www.facebook.com\/Lecuine\" \/>\n<meta property=\"article:published_time\" content=\"2018-05-17T19:02:07+00:00\" \/>\n<meta property=\"article:modified_time\" content=\"2024-06-18T14:11:27+00:00\" \/>\n<meta property=\"og:image\" content=\"https:\/\/www.lecuine.com\/pt\/blog\/wp-content\/uploads\/2018\/05\/frigideiras_ferro_debuyer.jpg\" \/>\n\t<meta property=\"og:image:width\" content=\"625\" \/>\n\t<meta property=\"og:image:height\" content=\"408\" \/>\n\t<meta property=\"og:image:type\" content=\"image\/jpeg\" \/>\n<meta name=\"author\" content=\"Lecuine.pt\" \/>\n<meta name=\"twitter:card\" content=\"summary_large_image\" \/>\n<meta name=\"twitter:label1\" content=\"Escrito por\" \/>\n\t<meta name=\"twitter:data1\" content=\"Lecuine.pt\" \/>\n\t<meta name=\"twitter:label2\" content=\"Tempo estimado de leitura\" \/>\n\t<meta name=\"twitter:data2\" content=\"5 minutos\" \/>\n<script type=\"application\/ld+json\" class=\"yoast-schema-graph\">{\"@context\":\"https:\/\/schema.org\",\"@graph\":[{\"@type\":\"WebPage\",\"@id\":\"https:\/\/www.lecuine.com\/pt\/blog\/frigideiras-de-buyer-em-ferro-mineral-b\/\",\"url\":\"https:\/\/www.lecuine.com\/pt\/blog\/frigideiras-de-buyer-em-ferro-mineral-b\/\",\"name\":\"As frigideiras De Buyer em ferro mineral B - Lecuiners Portugal\",\"isPartOf\":{\"@id\":\"https:\/\/www.lecuine.com\/pt\/blog\/#website\"},\"primaryImageOfPage\":{\"@id\":\"https:\/\/www.lecuine.com\/pt\/blog\/frigideiras-de-buyer-em-ferro-mineral-b\/#primaryimage\"},\"image\":{\"@id\":\"https:\/\/www.lecuine.com\/pt\/blog\/frigideiras-de-buyer-em-ferro-mineral-b\/#primaryimage\"},\"thumbnailUrl\":\"https:\/\/www.lecuine.com\/pt\/blog\/wp-content\/uploads\/2018\/05\/frigideiras_ferro_debuyer.jpg\",\"datePublished\":\"2018-05-17T19:02:07+00:00\",\"dateModified\":\"2024-06-18T14:11:27+00:00\",\"author\":{\"@id\":\"https:\/\/www.lecuine.com\/pt\/blog\/#\/schema\/person\/4a52217c61f0a500c1bce999616c941c\"},\"inLanguage\":\"pt-PT\",\"potentialAction\":[{\"@type\":\"ReadAction\",\"target\":[\"https:\/\/www.lecuine.com\/pt\/blog\/frigideiras-de-buyer-em-ferro-mineral-b\/\"]}]},{\"@type\":\"ImageObject\",\"inLanguage\":\"pt-PT\",\"@id\":\"https:\/\/www.lecuine.com\/pt\/blog\/frigideiras-de-buyer-em-ferro-mineral-b\/#primaryimage\",\"url\":\"https:\/\/www.lecuine.com\/pt\/blog\/wp-content\/uploads\/2018\/05\/frigideiras_ferro_debuyer.jpg\",\"contentUrl\":\"https:\/\/www.lecuine.com\/pt\/blog\/wp-content\/uploads\/2018\/05\/frigideiras_ferro_debuyer.jpg\",\"width\":625,\"height\":408},{\"@type\":\"WebSite\",\"@id\":\"https:\/\/www.lecuine.com\/pt\/blog\/#website\",\"url\":\"https:\/\/www.lecuine.com\/pt\/blog\/\",\"name\":\"Lecuiners Portugal\",\"description\":\"Melhore a sua cozinha\",\"potentialAction\":[{\"@type\":\"SearchAction\",\"target\":{\"@type\":\"EntryPoint\",\"urlTemplate\":\"https:\/\/www.lecuine.com\/pt\/blog\/?s={search_term_string}\"},\"query-input\":\"required name=search_term_string\"}],\"inLanguage\":\"pt-PT\"},{\"@type\":\"Person\",\"@id\":\"https:\/\/www.lecuine.com\/pt\/blog\/#\/schema\/person\/4a52217c61f0a500c1bce999616c941c\",\"name\":\"Lecuine.pt\",\"image\":{\"@type\":\"ImageObject\",\"inLanguage\":\"pt-PT\",\"@id\":\"https:\/\/www.lecuine.com\/pt\/blog\/#\/schema\/person\/image\/\",\"url\":\"https:\/\/www.lecuine.com\/pt\/blog\/wp-content\/uploads\/2017\/05\/avatar-lecuine.png\",\"contentUrl\":\"https:\/\/www.lecuine.com\/pt\/blog\/wp-content\/uploads\/2017\/05\/avatar-lecuine.png\",\"caption\":\"Lecuine.pt\"},\"description\":\"Somos uma equipa de profissionais que adquiriram experi\u00eancia ao longo dos anos em utens\u00edlios de qualidade.\",\"sameAs\":[\"https:\/\/www.facebook.com\/Lecuine\"],\"url\":\"https:\/\/www.lecuine.com\/pt\/blog\/author\/wp_lecuine_pt\/\"}]}<\/script>\n<!-- \/ Yoast SEO plugin. -->","yoast_head_json":{"title":"As frigideiras De Buyer em ferro mineral B - Lecuiners Portugal","robots":{"index":"index","follow":"follow","max-snippet":"max-snippet:-1","max-image-preview":"max-image-preview:large","max-video-preview":"max-video-preview:-1"},"canonical":"https:\/\/www.lecuine.com\/pt\/blog\/frigideiras-de-buyer-em-ferro-mineral-b\/","og_locale":"pt_PT","og_type":"article","og_title":"As frigideiras De Buyer em ferro mineral B - Lecuiners Portugal","og_description":"Um regresso \u00e0s origens Frigideiras ecol\u00f3gicas em ferro. O ferro \u00e9 um material que, quando bem tratado, n\u00e3o sofre desgaste com a utiliza\u00e7\u00e3o. Permitem-nos, ainda, desfrutar de uma cozinha natural e tradicional, como a das nossas av\u00f3s. Caracter\u00edsticas e manuten\u00e7\u00e3o das frigideiras em ferro mineral B De Buyer As frigideiras de Buyer da s\u00e9rie Mineral...","og_url":"https:\/\/www.lecuine.com\/pt\/blog\/frigideiras-de-buyer-em-ferro-mineral-b\/","og_site_name":"Lecuiners Portugal","article_publisher":"https:\/\/www.facebook.com\/lecuineportugal\/","article_author":"https:\/\/www.facebook.com\/Lecuine","article_published_time":"2018-05-17T19:02:07+00:00","article_modified_time":"2024-06-18T14:11:27+00:00","og_image":[{"width":625,"height":408,"url":"https:\/\/www.lecuine.com\/pt\/blog\/wp-content\/uploads\/2018\/05\/frigideiras_ferro_debuyer.jpg","type":"image\/jpeg"}],"author":"Lecuine.pt","twitter_card":"summary_large_image","twitter_misc":{"Escrito por":"Lecuine.pt","Tempo estimado de leitura":"5 minutos"},"schema":{"@context":"https:\/\/schema.org","@graph":[{"@type":"WebPage","@id":"https:\/\/www.lecuine.com\/pt\/blog\/frigideiras-de-buyer-em-ferro-mineral-b\/","url":"https:\/\/www.lecuine.com\/pt\/blog\/frigideiras-de-buyer-em-ferro-mineral-b\/","name":"As frigideiras De Buyer em ferro mineral B - Lecuiners Portugal","isPartOf":{"@id":"https:\/\/www.lecuine.com\/pt\/blog\/#website"},"primaryImageOfPage":{"@id":"https:\/\/www.lecuine.com\/pt\/blog\/frigideiras-de-buyer-em-ferro-mineral-b\/#primaryimage"},"image":{"@id":"https:\/\/www.lecuine.com\/pt\/blog\/frigideiras-de-buyer-em-ferro-mineral-b\/#primaryimage"},"thumbnailUrl":"https:\/\/www.lecuine.com\/pt\/blog\/wp-content\/uploads\/2018\/05\/frigideiras_ferro_debuyer.jpg","datePublished":"2018-05-17T19:02:07+00:00","dateModified":"2024-06-18T14:11:27+00:00","author":{"@id":"https:\/\/www.lecuine.com\/pt\/blog\/#\/schema\/person\/4a52217c61f0a500c1bce999616c941c"},"inLanguage":"pt-PT","potentialAction":[{"@type":"ReadAction","target":["https:\/\/www.lecuine.com\/pt\/blog\/frigideiras-de-buyer-em-ferro-mineral-b\/"]}]},{"@type":"ImageObject","inLanguage":"pt-PT","@id":"https:\/\/www.lecuine.com\/pt\/blog\/frigideiras-de-buyer-em-ferro-mineral-b\/#primaryimage","url":"https:\/\/www.lecuine.com\/pt\/blog\/wp-content\/uploads\/2018\/05\/frigideiras_ferro_debuyer.jpg","contentUrl":"https:\/\/www.lecuine.com\/pt\/blog\/wp-content\/uploads\/2018\/05\/frigideiras_ferro_debuyer.jpg","width":625,"height":408},{"@type":"WebSite","@id":"https:\/\/www.lecuine.com\/pt\/blog\/#website","url":"https:\/\/www.lecuine.com\/pt\/blog\/","name":"Lecuiners Portugal","description":"Melhore a sua cozinha","potentialAction":[{"@type":"SearchAction","target":{"@type":"EntryPoint","urlTemplate":"https:\/\/www.lecuine.com\/pt\/blog\/?s={search_term_string}"},"query-input":"required name=search_term_string"}],"inLanguage":"pt-PT"},{"@type":"Person","@id":"https:\/\/www.lecuine.com\/pt\/blog\/#\/schema\/person\/4a52217c61f0a500c1bce999616c941c","name":"Lecuine.pt","image":{"@type":"ImageObject","inLanguage":"pt-PT","@id":"https:\/\/www.lecuine.com\/pt\/blog\/#\/schema\/person\/image\/","url":"https:\/\/www.lecuine.com\/pt\/blog\/wp-content\/uploads\/2017\/05\/avatar-lecuine.png","contentUrl":"https:\/\/www.lecuine.com\/pt\/blog\/wp-content\/uploads\/2017\/05\/avatar-lecuine.png","caption":"Lecuine.pt"},"description":"Somos uma equipa de profissionais que adquiriram experi\u00eancia ao longo dos anos em utens\u00edlios de qualidade.","sameAs":["https:\/\/www.facebook.com\/Lecuine"],"url":"https:\/\/www.lecuine.com\/pt\/blog\/author\/wp_lecuine_pt\/"}]}},"_links":{"self":[{"href":"https:\/\/www.lecuine.com\/pt\/blog\/wp-json\/wp\/v2\/posts\/7535"}],"collection":[{"href":"https:\/\/www.lecuine.com\/pt\/blog\/wp-json\/wp\/v2\/posts"}],"about":[{"href":"https:\/\/www.lecuine.com\/pt\/blog\/wp-json\/wp\/v2\/types\/post"}],"author":[{"embeddable":true,"href":"https:\/\/www.lecuine.com\/pt\/blog\/wp-json\/wp\/v2\/users\/1"}],"replies":[{"embeddable":true,"href":"https:\/\/www.lecuine.com\/pt\/blog\/wp-json\/wp\/v2\/comments?post=7535"}],"version-history":[{"count":14,"href":"https:\/\/www.lecuine.com\/pt\/blog\/wp-json\/wp\/v2\/posts\/7535\/revisions"}],"predecessor-version":[{"id":8705,"href":"https:\/\/www.lecuine.com\/pt\/blog\/wp-json\/wp\/v2\/posts\/7535\/revisions\/8705"}],"wp:featuredmedia":[{"embeddable":true,"href":"https:\/\/www.lecuine.com\/pt\/blog\/wp-json\/wp\/v2\/media\/7554"}],"wp:attachment":[{"href":"https:\/\/www.lecuine.com\/pt\/blog\/wp-json\/wp\/v2\/media?parent=7535"}],"wp:term":[{"taxonomy":"category","embeddable":true,"href":"https:\/\/www.lecuine.com\/pt\/blog\/wp-json\/wp\/v2\/categories?post=7535"},{"taxonomy":"post_tag","embeddable":true,"href":"https:\/\/www.lecuine.com\/pt\/blog\/wp-json\/wp\/v2\/tags?post=7535"}],"curies":[{"name":"wp","href":"https:\/\/api.w.org\/{rel}","templated":true}]}}