{"id":7463,"date":"2017-10-27T18:26:35","date_gmt":"2017-10-27T18:26:35","guid":{"rendered":"\/pt\/blog\/?p=7463"},"modified":"2024-06-18T14:43:05","modified_gmt":"2024-06-18T14:43:05","slug":"humus-almofariz-le-creuset","status":"publish","type":"post","link":"https:\/\/www.lecuine.com\/pt\/blog\/humus-almofariz-le-creuset\/","title":{"rendered":"H\u00famus: uma pasta vegetal saud\u00e1vel e deliciosa, ideal para consumir como entrada ou para barrar sandwiches"},"content":{"rendered":"<p>O humus \u00e9 uma pasta \u00e0 base de gr\u00e3o de bico e azeite t\u00edpica dos pa\u00edses \u00e1rabes. Com mil e uma variantes modernizadas, seja com beterraba, cenoura, \u00a0couve ou, por exemplo, \u00a0abacate, a receita original \u00e9 t\u00e3o simples e vers\u00e1til que merece ser experimentada.<\/p>\n<h2>Porqu\u00ea comprar o Almofariz em cer\u00e2mica Le Creuset?<\/h2>\n<p>Maximize o sabor triturando com este inigual\u00e1vel almofariz\u00a0 Le Creuset. Crie as suas pr\u00f3prias misturas de especiarias, condimente as suas receitas\u00a0ou\u00a0utilize este c\u00f3modo almofariz para fazer um maravilhoso \u00a0alioli, h\u00famus ou servir molhos<\/p>\n<p>\u00c9 apto para:<\/p>\n<ul>\n<li>Forno, at\u00e9\u00a0260\u00baC.<\/li>\n<li>Lava-loi\u00e7a.<\/li>\n<li>Microondas.<\/li>\n<li>Grill do forno\/microondas.<\/li>\n<li>Frigor\u00edfico e\u00a0congelador.<\/li>\n<\/ul>\n<p><img loading=\"lazy\" decoding=\"async\" class=\"wp-image-7513 size-full aligncenter\" src=\"\/pt\/blog\/wp-content\/uploads\/2017\/09\/Almofariz-le-creuset-2.jpg\" alt=\"\" width=\"700\" height=\"938\" srcset=\"https:\/\/www.lecuine.com\/pt\/blog\/wp-content\/uploads\/2017\/09\/Almofariz-le-creuset-2.jpg 700w, https:\/\/www.lecuine.com\/pt\/blog\/wp-content\/uploads\/2017\/09\/Almofariz-le-creuset-2-224x300.jpg 224w\" sizes=\"(max-width: 700px) 100vw, 700px\" \/><\/p>\n","protected":false},"excerpt":{"rendered":"<p>O humus \u00e9 uma pasta \u00e0 base de gr\u00e3o de bico e azeite t\u00edpica dos pa\u00edses \u00e1rabes. Com mil e uma variantes modernizadas, seja com beterraba, cenoura, \u00a0couve ou, por exemplo, \u00a0abacate, a receita original \u00e9 t\u00e3o simples e vers\u00e1til que merece ser experimentada. Porqu\u00ea comprar o Almofariz em cer\u00e2mica Le Creuset? Maximize o sabor&#8230;<\/p>\n","protected":false},"author":28,"featured_media":7512,"comment_status":"open","ping_status":"open","sticky":false,"template":"","format":"standard","meta":{"_acf_changed":false,"footnotes":""},"categories":[5],"tags":[7,6,9,8],"class_list":["post-7463","post","type-post","status-publish","format-standard","has-post-thumbnail","hentry","category-receitas","tag-almofariz","tag-humus","tag-le-creuset","tag-receita"],"acf":[],"yoast_head":"<!-- This site is optimized with the Yoast SEO plugin v23.2 - https:\/\/yoast.com\/wordpress\/plugins\/seo\/ -->\n<title>H\u00famus: uma pasta vegetal saud\u00e1vel e deliciosa, ideal para consumir como entrada ou para barrar sandwiches - Lecuiners Portugal<\/title>\n<meta name=\"description\" content=\"Receita h\u00famus\" \/>\n<meta name=\"robots\" content=\"index, follow, max-snippet:-1, max-image-preview:large, max-video-preview:-1\" \/>\n<link rel=\"canonical\" href=\"https:\/\/www.lecuine.com\/pt\/blog\/humus-almofariz-le-creuset\/\" \/>\n<meta property=\"og:locale\" content=\"pt_PT\" \/>\n<meta property=\"og:type\" content=\"article\" \/>\n<meta property=\"og:title\" content=\"H\u00famus: uma pasta vegetal saud\u00e1vel e deliciosa, ideal para consumir como entrada ou para barrar sandwiches - Lecuiners Portugal\" \/>\n<meta property=\"og:description\" content=\"Receita h\u00famus\" \/>\n<meta property=\"og:url\" content=\"https:\/\/www.lecuine.com\/pt\/blog\/humus-almofariz-le-creuset\/\" \/>\n<meta property=\"og:site_name\" content=\"Lecuiners Portugal\" \/>\n<meta property=\"article:publisher\" content=\"https:\/\/www.facebook.com\/lecuineportugal\/\" \/>\n<meta property=\"article:published_time\" content=\"2017-10-27T18:26:35+00:00\" \/>\n<meta property=\"article:modified_time\" content=\"2024-06-18T14:43:05+00:00\" \/>\n<meta property=\"og:image\" content=\"https:\/\/www.lecuine.com\/pt\/blog\/wp-content\/uploads\/2017\/09\/Almofariz-le-creuset.jpg\" \/>\n\t<meta property=\"og:image:width\" content=\"625\" \/>\n\t<meta property=\"og:image:height\" content=\"408\" \/>\n\t<meta property=\"og:image:type\" content=\"image\/jpeg\" \/>\n<meta name=\"author\" content=\"Rui\" \/>\n<meta name=\"twitter:card\" content=\"summary_large_image\" \/>\n<meta name=\"twitter:label1\" content=\"Escrito por\" \/>\n\t<meta name=\"twitter:data1\" content=\"Rui\" \/>\n\t<meta name=\"twitter:label2\" content=\"Tempo estimado de leitura\" \/>\n\t<meta name=\"twitter:data2\" content=\"4 minutos\" \/>\n<script type=\"application\/ld+json\" class=\"yoast-schema-graph\">{\"@context\":\"https:\/\/schema.org\",\"@graph\":[{\"@type\":\"WebPage\",\"@id\":\"https:\/\/www.lecuine.com\/pt\/blog\/humus-almofariz-le-creuset\/\",\"url\":\"https:\/\/www.lecuine.com\/pt\/blog\/humus-almofariz-le-creuset\/\",\"name\":\"H\u00famus: uma pasta vegetal saud\u00e1vel e deliciosa, ideal para consumir como entrada ou para barrar sandwiches - Lecuiners Portugal\",\"isPartOf\":{\"@id\":\"https:\/\/www.lecuine.com\/pt\/blog\/#website\"},\"primaryImageOfPage\":{\"@id\":\"https:\/\/www.lecuine.com\/pt\/blog\/humus-almofariz-le-creuset\/#primaryimage\"},\"image\":{\"@id\":\"https:\/\/www.lecuine.com\/pt\/blog\/humus-almofariz-le-creuset\/#primaryimage\"},\"thumbnailUrl\":\"https:\/\/www.lecuine.com\/pt\/blog\/wp-content\/uploads\/2017\/09\/Almofariz-le-creuset.jpg\",\"datePublished\":\"2017-10-27T18:26:35+00:00\",\"dateModified\":\"2024-06-18T14:43:05+00:00\",\"author\":{\"@id\":\"https:\/\/www.lecuine.com\/pt\/blog\/#\/schema\/person\/4b8d7bfb8d285c2abbc492ed77f985bd\"},\"description\":\"Receita h\u00famus\",\"inLanguage\":\"pt-PT\",\"potentialAction\":[{\"@type\":\"ReadAction\",\"target\":[\"https:\/\/www.lecuine.com\/pt\/blog\/humus-almofariz-le-creuset\/\"]}]},{\"@type\":\"ImageObject\",\"inLanguage\":\"pt-PT\",\"@id\":\"https:\/\/www.lecuine.com\/pt\/blog\/humus-almofariz-le-creuset\/#primaryimage\",\"url\":\"https:\/\/www.lecuine.com\/pt\/blog\/wp-content\/uploads\/2017\/09\/Almofariz-le-creuset.jpg\",\"contentUrl\":\"https:\/\/www.lecuine.com\/pt\/blog\/wp-content\/uploads\/2017\/09\/Almofariz-le-creuset.jpg\",\"width\":625,\"height\":408,\"caption\":\"Almofariz le creuset\"},{\"@type\":\"WebSite\",\"@id\":\"https:\/\/www.lecuine.com\/pt\/blog\/#website\",\"url\":\"https:\/\/www.lecuine.com\/pt\/blog\/\",\"name\":\"Lecuiners Portugal\",\"description\":\"Melhore a sua cozinha\",\"potentialAction\":[{\"@type\":\"SearchAction\",\"target\":{\"@type\":\"EntryPoint\",\"urlTemplate\":\"https:\/\/www.lecuine.com\/pt\/blog\/?s={search_term_string}\"},\"query-input\":\"required name=search_term_string\"}],\"inLanguage\":\"pt-PT\"},{\"@type\":\"Person\",\"@id\":\"https:\/\/www.lecuine.com\/pt\/blog\/#\/schema\/person\/4b8d7bfb8d285c2abbc492ed77f985bd\",\"name\":\"Rui\",\"image\":{\"@type\":\"ImageObject\",\"inLanguage\":\"pt-PT\",\"@id\":\"https:\/\/www.lecuine.com\/pt\/blog\/#\/schema\/person\/image\/\",\"url\":\"https:\/\/www.lecuine.com\/pt\/blog\/wp-content\/uploads\/2018\/05\/perfilautor_rui.jpg\",\"contentUrl\":\"https:\/\/www.lecuine.com\/pt\/blog\/wp-content\/uploads\/2018\/05\/perfilautor_rui.jpg\",\"caption\":\"Rui\"},\"url\":\"https:\/\/www.lecuine.com\/pt\/blog\/author\/rui\/\"}]}<\/script>\n<!-- \/ Yoast SEO plugin. -->","yoast_head_json":{"title":"H\u00famus: uma pasta vegetal saud\u00e1vel e deliciosa, ideal para consumir como entrada ou para barrar sandwiches - Lecuiners Portugal","description":"Receita h\u00famus","robots":{"index":"index","follow":"follow","max-snippet":"max-snippet:-1","max-image-preview":"max-image-preview:large","max-video-preview":"max-video-preview:-1"},"canonical":"https:\/\/www.lecuine.com\/pt\/blog\/humus-almofariz-le-creuset\/","og_locale":"pt_PT","og_type":"article","og_title":"H\u00famus: uma pasta vegetal saud\u00e1vel e deliciosa, ideal para consumir como entrada ou para barrar sandwiches - Lecuiners Portugal","og_description":"Receita h\u00famus","og_url":"https:\/\/www.lecuine.com\/pt\/blog\/humus-almofariz-le-creuset\/","og_site_name":"Lecuiners Portugal","article_publisher":"https:\/\/www.facebook.com\/lecuineportugal\/","article_published_time":"2017-10-27T18:26:35+00:00","article_modified_time":"2024-06-18T14:43:05+00:00","og_image":[{"width":625,"height":408,"url":"https:\/\/www.lecuine.com\/pt\/blog\/wp-content\/uploads\/2017\/09\/Almofariz-le-creuset.jpg","type":"image\/jpeg"}],"author":"Rui","twitter_card":"summary_large_image","twitter_misc":{"Escrito por":"Rui","Tempo estimado de leitura":"4 minutos"},"schema":{"@context":"https:\/\/schema.org","@graph":[{"@type":"WebPage","@id":"https:\/\/www.lecuine.com\/pt\/blog\/humus-almofariz-le-creuset\/","url":"https:\/\/www.lecuine.com\/pt\/blog\/humus-almofariz-le-creuset\/","name":"H\u00famus: uma pasta vegetal saud\u00e1vel e deliciosa, ideal para consumir como entrada ou para barrar sandwiches - Lecuiners Portugal","isPartOf":{"@id":"https:\/\/www.lecuine.com\/pt\/blog\/#website"},"primaryImageOfPage":{"@id":"https:\/\/www.lecuine.com\/pt\/blog\/humus-almofariz-le-creuset\/#primaryimage"},"image":{"@id":"https:\/\/www.lecuine.com\/pt\/blog\/humus-almofariz-le-creuset\/#primaryimage"},"thumbnailUrl":"https:\/\/www.lecuine.com\/pt\/blog\/wp-content\/uploads\/2017\/09\/Almofariz-le-creuset.jpg","datePublished":"2017-10-27T18:26:35+00:00","dateModified":"2024-06-18T14:43:05+00:00","author":{"@id":"https:\/\/www.lecuine.com\/pt\/blog\/#\/schema\/person\/4b8d7bfb8d285c2abbc492ed77f985bd"},"description":"Receita h\u00famus","inLanguage":"pt-PT","potentialAction":[{"@type":"ReadAction","target":["https:\/\/www.lecuine.com\/pt\/blog\/humus-almofariz-le-creuset\/"]}]},{"@type":"ImageObject","inLanguage":"pt-PT","@id":"https:\/\/www.lecuine.com\/pt\/blog\/humus-almofariz-le-creuset\/#primaryimage","url":"https:\/\/www.lecuine.com\/pt\/blog\/wp-content\/uploads\/2017\/09\/Almofariz-le-creuset.jpg","contentUrl":"https:\/\/www.lecuine.com\/pt\/blog\/wp-content\/uploads\/2017\/09\/Almofariz-le-creuset.jpg","width":625,"height":408,"caption":"Almofariz le creuset"},{"@type":"WebSite","@id":"https:\/\/www.lecuine.com\/pt\/blog\/#website","url":"https:\/\/www.lecuine.com\/pt\/blog\/","name":"Lecuiners Portugal","description":"Melhore a sua cozinha","potentialAction":[{"@type":"SearchAction","target":{"@type":"EntryPoint","urlTemplate":"https:\/\/www.lecuine.com\/pt\/blog\/?s={search_term_string}"},"query-input":"required name=search_term_string"}],"inLanguage":"pt-PT"},{"@type":"Person","@id":"https:\/\/www.lecuine.com\/pt\/blog\/#\/schema\/person\/4b8d7bfb8d285c2abbc492ed77f985bd","name":"Rui","image":{"@type":"ImageObject","inLanguage":"pt-PT","@id":"https:\/\/www.lecuine.com\/pt\/blog\/#\/schema\/person\/image\/","url":"https:\/\/www.lecuine.com\/pt\/blog\/wp-content\/uploads\/2018\/05\/perfilautor_rui.jpg","contentUrl":"https:\/\/www.lecuine.com\/pt\/blog\/wp-content\/uploads\/2018\/05\/perfilautor_rui.jpg","caption":"Rui"},"url":"https:\/\/www.lecuine.com\/pt\/blog\/author\/rui\/"}]}},"_links":{"self":[{"href":"https:\/\/www.lecuine.com\/pt\/blog\/wp-json\/wp\/v2\/posts\/7463"}],"collection":[{"href":"https:\/\/www.lecuine.com\/pt\/blog\/wp-json\/wp\/v2\/posts"}],"about":[{"href":"https:\/\/www.lecuine.com\/pt\/blog\/wp-json\/wp\/v2\/types\/post"}],"author":[{"embeddable":true,"href":"https:\/\/www.lecuine.com\/pt\/blog\/wp-json\/wp\/v2\/users\/28"}],"replies":[{"embeddable":true,"href":"https:\/\/www.lecuine.com\/pt\/blog\/wp-json\/wp\/v2\/comments?post=7463"}],"version-history":[{"count":26,"href":"https:\/\/www.lecuine.com\/pt\/blog\/wp-json\/wp\/v2\/posts\/7463\/revisions"}],"predecessor-version":[{"id":8740,"href":"https:\/\/www.lecuine.com\/pt\/blog\/wp-json\/wp\/v2\/posts\/7463\/revisions\/8740"}],"wp:featuredmedia":[{"embeddable":true,"href":"https:\/\/www.lecuine.com\/pt\/blog\/wp-json\/wp\/v2\/media\/7512"}],"wp:attachment":[{"href":"https:\/\/www.lecuine.com\/pt\/blog\/wp-json\/wp\/v2\/media?parent=7463"}],"wp:term":[{"taxonomy":"category","embeddable":true,"href":"https:\/\/www.lecuine.com\/pt\/blog\/wp-json\/wp\/v2\/categories?post=7463"},{"taxonomy":"post_tag","embeddable":true,"href":"https:\/\/www.lecuine.com\/pt\/blog\/wp-json\/wp\/v2\/tags?post=7463"}],"curies":[{"name":"wp","href":"https:\/\/api.w.org\/{rel}","templated":true}]}}