{"id":7932,"date":"2016-12-07T15:57:04","date_gmt":"2016-12-07T14:57:04","guid":{"rendered":"\/blog\/?p=7932"},"modified":"2020-10-13T18:50:32","modified_gmt":"2020-10-13T16:50:32","slug":"bundt-cake-de-vainilla-y-granada","status":"publish","type":"post","link":"https:\/\/www.lecuine.com\/blog\/bundt-cake-de-vainilla-y-granada\/","title":{"rendered":"Bundt cake de vainilla y granada"},"content":{"rendered":"<p>\u00bfQuieres hornear un Bundt Cake? El oto\u00f1o es una estaci\u00f3n que pone a nuestro alcance multitud de frutas deliciosas. Los c\u00edtricos, las uvas, las manzanas, las peras, las ciruelas\u2026 son algunas de las que podemos conseguir en el mercado. Entre ellas hay una que destaca por su estacionalidad y por la cantidad de beneficios que nos brinda, la granada.<\/p>\n<p>La granada es una fruta que se caracteriza por tener una piel fuerte \u00a0y en cuyo interior encontramos infinidad de peque\u00f1os gajos que son los que conforman esta fruta sabrosa al paladar y totalmente beneficiosa para nuestra salud, y es que no solamente es un manjar, sino que tambi\u00e9n tiene muchas propiedades medicinales que nos ayudan a mantener una mejor salud.<\/p>\n","protected":false},"excerpt":{"rendered":"<p>\u00bfQuieres hornear un Bundt Cake? El oto\u00f1o es una estaci\u00f3n que pone a nuestro alcance multitud de frutas deliciosas. Los c\u00edtricos, las uvas, las manzanas, las peras, las ciruelas\u2026 son algunas de las que podemos conseguir en el mercado. Entre ellas hay una que destaca por su estacionalidad y por la cantidad de beneficios que&#8230;<\/p>\n","protected":false},"author":5,"featured_media":7935,"comment_status":"open","ping_status":"closed","sticky":false,"template":"","format":"standard","meta":{"_acf_changed":false,"footnotes":""},"categories":[49,5],"tags":[],"class_list":["post-7932","post","type-post","status-publish","format-standard","has-post-thumbnail","hentry","category-bundt","category-recetas"],"acf":[],"yoast_head":"<!-- This site is optimized with the Yoast SEO plugin v27.2 - https:\/\/yoast.com\/product\/yoast-seo-wordpress\/ -->\n<title>Bundt Cake de Vainilla y Granada receta paso a paso<\/title>\n<meta name=\"description\" content=\"El oto\u00f1o es un excelente momento para probar este Bundt Cake de Vainilla y granada preparado en molde Nordic Ware. Receta paso a paso.\" \/>\n<meta name=\"robots\" content=\"index, follow, max-snippet:-1, max-image-preview:large, max-video-preview:-1\" \/>\n<link rel=\"canonical\" href=\"https:\/\/www.lecuine.com\/blog\/bundt-cake-de-vainilla-y-granada\/\" \/>\n<meta property=\"og:locale\" content=\"es_ES\" \/>\n<meta property=\"og:type\" content=\"article\" \/>\n<meta property=\"og:title\" content=\"Bundt Cake de Vainilla y Granada receta paso a paso\" \/>\n<meta property=\"og:description\" content=\"El oto\u00f1o es un excelente momento para probar este Bundt Cake de Vainilla y granada preparado en molde Nordic Ware. Receta paso a paso.\" \/>\n<meta property=\"og:url\" content=\"http:\/\/www.lecuine.com\/blog\/bundt-cake-de-vainilla-y-granada\/\" \/>\n<meta property=\"og:site_name\" content=\"Lecuiners\" \/>\n<meta property=\"article:author\" content=\"https:\/\/www.facebook.com\/pages\/Corazn-de-Caramelo\/415287151931229\" \/>\n<meta property=\"article:published_time\" content=\"2016-12-07T14:57:04+00:00\" \/>\n<meta property=\"article:modified_time\" content=\"2020-10-13T16:50:32+00:00\" \/>\n<meta property=\"og:image\" content=\"https:\/\/www.lecuine.com\/blog\/wp-content\/uploads\/2016\/12\/destacado-vainilla-granada.png\" \/>\n\t<meta property=\"og:image:width\" content=\"625\" \/>\n\t<meta property=\"og:image:height\" content=\"408\" \/>\n\t<meta property=\"og:image:type\" content=\"image\/png\" \/>\n<meta name=\"author\" content=\"Bea de corazondecaramelo.es\" \/>\n<meta name=\"twitter:label1\" content=\"Escrito por\" \/>\n\t<meta name=\"twitter:data1\" content=\"Bea de corazondecaramelo.es\" \/>\n\t<meta name=\"twitter:label2\" content=\"Tiempo de lectura\" \/>\n\t<meta name=\"twitter:data2\" content=\"1 minuto\" \/>\n<script type=\"application\/ld+json\" class=\"yoast-schema-graph\">{\"@context\":\"https:\/\/schema.org\",\"@graph\":[{\"@type\":\"Article\",\"@id\":\"https:\/\/www.lecuine.com\/blog\/bundt-cake-de-vainilla-y-granada\/#article\",\"isPartOf\":{\"@id\":\"https:\/\/www.lecuine.com\/blog\/bundt-cake-de-vainilla-y-granada\/\"},\"author\":{\"name\":\"Bea de corazondecaramelo.es\",\"@id\":\"https:\/\/www.lecuine.com\/blog\/#\/schema\/person\/578ffd51bb5c28d6e735daaba8bf64fd\"},\"headline\":\"Bundt cake de vainilla y granada\",\"datePublished\":\"2016-12-07T14:57:04+00:00\",\"dateModified\":\"2020-10-13T16:50:32+00:00\",\"mainEntityOfPage\":{\"@id\":\"https:\/\/www.lecuine.com\/blog\/bundt-cake-de-vainilla-y-granada\/\"},\"wordCount\":131,\"commentCount\":3,\"image\":{\"@id\":\"https:\/\/www.lecuine.com\/blog\/bundt-cake-de-vainilla-y-granada\/#primaryimage\"},\"thumbnailUrl\":\"https:\/\/www.lecuine.com\/blog\/wp-content\/uploads\/2016\/12\/destacado-vainilla-granada.png\",\"articleSection\":[\"bundt cakes\",\"recetas\"],\"inLanguage\":\"es\",\"potentialAction\":[{\"@type\":\"CommentAction\",\"name\":\"Comment\",\"target\":[\"https:\/\/www.lecuine.com\/blog\/bundt-cake-de-vainilla-y-granada\/#respond\"]}]},{\"@type\":\"WebPage\",\"@id\":\"https:\/\/www.lecuine.com\/blog\/bundt-cake-de-vainilla-y-granada\/\",\"url\":\"https:\/\/www.lecuine.com\/blog\/bundt-cake-de-vainilla-y-granada\/\",\"name\":\"Bundt Cake de Vainilla y Granada receta paso a paso\",\"isPartOf\":{\"@id\":\"https:\/\/www.lecuine.com\/blog\/#website\"},\"primaryImageOfPage\":{\"@id\":\"https:\/\/www.lecuine.com\/blog\/bundt-cake-de-vainilla-y-granada\/#primaryimage\"},\"image\":{\"@id\":\"https:\/\/www.lecuine.com\/blog\/bundt-cake-de-vainilla-y-granada\/#primaryimage\"},\"thumbnailUrl\":\"https:\/\/www.lecuine.com\/blog\/wp-content\/uploads\/2016\/12\/destacado-vainilla-granada.png\",\"datePublished\":\"2016-12-07T14:57:04+00:00\",\"dateModified\":\"2020-10-13T16:50:32+00:00\",\"author\":{\"@id\":\"https:\/\/www.lecuine.com\/blog\/#\/schema\/person\/578ffd51bb5c28d6e735daaba8bf64fd\"},\"description\":\"El oto\u00f1o es un excelente momento para probar este Bundt Cake de Vainilla y granada preparado en molde Nordic Ware. Receta paso a paso.\",\"inLanguage\":\"es\",\"potentialAction\":[{\"@type\":\"ReadAction\",\"target\":[\"https:\/\/www.lecuine.com\/blog\/bundt-cake-de-vainilla-y-granada\/\"]}]},{\"@type\":\"ImageObject\",\"inLanguage\":\"es\",\"@id\":\"https:\/\/www.lecuine.com\/blog\/bundt-cake-de-vainilla-y-granada\/#primaryimage\",\"url\":\"https:\/\/www.lecuine.com\/blog\/wp-content\/uploads\/2016\/12\/destacado-vainilla-granada.png\",\"contentUrl\":\"https:\/\/www.lecuine.com\/blog\/wp-content\/uploads\/2016\/12\/destacado-vainilla-granada.png\",\"width\":625,\"height\":408},{\"@type\":\"WebSite\",\"@id\":\"https:\/\/www.lecuine.com\/blog\/#website\",\"url\":\"https:\/\/www.lecuine.com\/blog\/\",\"name\":\"Lecuiners\",\"description\":\"El blog de la tienda online Lecuine.com\",\"potentialAction\":[{\"@type\":\"SearchAction\",\"target\":{\"@type\":\"EntryPoint\",\"urlTemplate\":\"https:\/\/www.lecuine.com\/blog\/?s={search_term_string}\"},\"query-input\":{\"@type\":\"PropertyValueSpecification\",\"valueRequired\":true,\"valueName\":\"search_term_string\"}}],\"inLanguage\":\"es\"},{\"@type\":\"Person\",\"@id\":\"https:\/\/www.lecuine.com\/blog\/#\/schema\/person\/578ffd51bb5c28d6e735daaba8bf64fd\",\"name\":\"Bea de corazondecaramelo.es\",\"image\":{\"@type\":\"ImageObject\",\"inLanguage\":\"es\",\"@id\":\"https:\/\/www.lecuine.com\/blog\/wp-content\/uploads\/2016\/11\/bea-1.jpg\",\"url\":\"https:\/\/www.lecuine.com\/blog\/wp-content\/uploads\/2016\/11\/bea-1.jpg\",\"contentUrl\":\"https:\/\/www.lecuine.com\/blog\/wp-content\/uploads\/2016\/11\/bea-1.jpg\",\"caption\":\"Bea de corazondecaramelo.es\"},\"description\":\"Bea es Chef de pasteler\u00eda, diplomada por la prestigiosa escuela de cocina francesa Le Cordon Bleu de Madrid.\",\"sameAs\":[\"https:\/\/www.facebook.com\/pages\/Corazn-de-Caramelo\/415287151931229\",\"https:\/\/x.com\/Corazdecaramelo\"],\"url\":\"https:\/\/www.lecuine.com\/blog\/author\/bea-de-corazon-de-caramelo\/\"}]}<\/script>\n<!-- \/ Yoast SEO plugin. -->","yoast_head_json":{"title":"Bundt Cake de Vainilla y Granada receta paso a paso","description":"El oto\u00f1o es un excelente momento para probar este Bundt Cake de Vainilla y granada preparado en molde Nordic Ware. Receta paso a paso.","robots":{"index":"index","follow":"follow","max-snippet":"max-snippet:-1","max-image-preview":"max-image-preview:large","max-video-preview":"max-video-preview:-1"},"canonical":"https:\/\/www.lecuine.com\/blog\/bundt-cake-de-vainilla-y-granada\/","og_locale":"es_ES","og_type":"article","og_title":"Bundt Cake de Vainilla y Granada receta paso a paso","og_description":"El oto\u00f1o es un excelente momento para probar este Bundt Cake de Vainilla y granada preparado en molde Nordic Ware. Receta paso a paso.","og_url":"http:\/\/www.lecuine.com\/blog\/bundt-cake-de-vainilla-y-granada\/","og_site_name":"Lecuiners","article_author":"https:\/\/www.facebook.com\/pages\/Corazn-de-Caramelo\/415287151931229","article_published_time":"2016-12-07T14:57:04+00:00","article_modified_time":"2020-10-13T16:50:32+00:00","og_image":[{"width":625,"height":408,"url":"https:\/\/www.lecuine.com\/blog\/wp-content\/uploads\/2016\/12\/destacado-vainilla-granada.png","type":"image\/png"}],"author":"Bea de corazondecaramelo.es","twitter_misc":{"Escrito por":"Bea de corazondecaramelo.es","Tiempo de lectura":"1 minuto"},"schema":{"@context":"https:\/\/schema.org","@graph":[{"@type":"Article","@id":"https:\/\/www.lecuine.com\/blog\/bundt-cake-de-vainilla-y-granada\/#article","isPartOf":{"@id":"https:\/\/www.lecuine.com\/blog\/bundt-cake-de-vainilla-y-granada\/"},"author":{"name":"Bea de corazondecaramelo.es","@id":"https:\/\/www.lecuine.com\/blog\/#\/schema\/person\/578ffd51bb5c28d6e735daaba8bf64fd"},"headline":"Bundt cake de vainilla y granada","datePublished":"2016-12-07T14:57:04+00:00","dateModified":"2020-10-13T16:50:32+00:00","mainEntityOfPage":{"@id":"https:\/\/www.lecuine.com\/blog\/bundt-cake-de-vainilla-y-granada\/"},"wordCount":131,"commentCount":3,"image":{"@id":"https:\/\/www.lecuine.com\/blog\/bundt-cake-de-vainilla-y-granada\/#primaryimage"},"thumbnailUrl":"https:\/\/www.lecuine.com\/blog\/wp-content\/uploads\/2016\/12\/destacado-vainilla-granada.png","articleSection":["bundt cakes","recetas"],"inLanguage":"es","potentialAction":[{"@type":"CommentAction","name":"Comment","target":["https:\/\/www.lecuine.com\/blog\/bundt-cake-de-vainilla-y-granada\/#respond"]}]},{"@type":"WebPage","@id":"https:\/\/www.lecuine.com\/blog\/bundt-cake-de-vainilla-y-granada\/","url":"https:\/\/www.lecuine.com\/blog\/bundt-cake-de-vainilla-y-granada\/","name":"Bundt Cake de Vainilla y Granada receta paso a paso","isPartOf":{"@id":"https:\/\/www.lecuine.com\/blog\/#website"},"primaryImageOfPage":{"@id":"https:\/\/www.lecuine.com\/blog\/bundt-cake-de-vainilla-y-granada\/#primaryimage"},"image":{"@id":"https:\/\/www.lecuine.com\/blog\/bundt-cake-de-vainilla-y-granada\/#primaryimage"},"thumbnailUrl":"https:\/\/www.lecuine.com\/blog\/wp-content\/uploads\/2016\/12\/destacado-vainilla-granada.png","datePublished":"2016-12-07T14:57:04+00:00","dateModified":"2020-10-13T16:50:32+00:00","author":{"@id":"https:\/\/www.lecuine.com\/blog\/#\/schema\/person\/578ffd51bb5c28d6e735daaba8bf64fd"},"description":"El oto\u00f1o es un excelente momento para probar este Bundt Cake de Vainilla y granada preparado en molde Nordic Ware. Receta paso a paso.","inLanguage":"es","potentialAction":[{"@type":"ReadAction","target":["https:\/\/www.lecuine.com\/blog\/bundt-cake-de-vainilla-y-granada\/"]}]},{"@type":"ImageObject","inLanguage":"es","@id":"https:\/\/www.lecuine.com\/blog\/bundt-cake-de-vainilla-y-granada\/#primaryimage","url":"https:\/\/www.lecuine.com\/blog\/wp-content\/uploads\/2016\/12\/destacado-vainilla-granada.png","contentUrl":"https:\/\/www.lecuine.com\/blog\/wp-content\/uploads\/2016\/12\/destacado-vainilla-granada.png","width":625,"height":408},{"@type":"WebSite","@id":"https:\/\/www.lecuine.com\/blog\/#website","url":"https:\/\/www.lecuine.com\/blog\/","name":"Lecuiners","description":"El blog de la tienda online Lecuine.com","potentialAction":[{"@type":"SearchAction","target":{"@type":"EntryPoint","urlTemplate":"https:\/\/www.lecuine.com\/blog\/?s={search_term_string}"},"query-input":{"@type":"PropertyValueSpecification","valueRequired":true,"valueName":"search_term_string"}}],"inLanguage":"es"},{"@type":"Person","@id":"https:\/\/www.lecuine.com\/blog\/#\/schema\/person\/578ffd51bb5c28d6e735daaba8bf64fd","name":"Bea de corazondecaramelo.es","image":{"@type":"ImageObject","inLanguage":"es","@id":"https:\/\/www.lecuine.com\/blog\/wp-content\/uploads\/2016\/11\/bea-1.jpg","url":"https:\/\/www.lecuine.com\/blog\/wp-content\/uploads\/2016\/11\/bea-1.jpg","contentUrl":"https:\/\/www.lecuine.com\/blog\/wp-content\/uploads\/2016\/11\/bea-1.jpg","caption":"Bea de corazondecaramelo.es"},"description":"Bea es Chef de pasteler\u00eda, diplomada por la prestigiosa escuela de cocina francesa Le Cordon Bleu de Madrid.","sameAs":["https:\/\/www.facebook.com\/pages\/Corazn-de-Caramelo\/415287151931229","https:\/\/x.com\/Corazdecaramelo"],"url":"https:\/\/www.lecuine.com\/blog\/author\/bea-de-corazon-de-caramelo\/"}]}},"_links":{"self":[{"href":"https:\/\/www.lecuine.com\/blog\/wp-json\/wp\/v2\/posts\/7932","targetHints":{"allow":["GET"]}}],"collection":[{"href":"https:\/\/www.lecuine.com\/blog\/wp-json\/wp\/v2\/posts"}],"about":[{"href":"https:\/\/www.lecuine.com\/blog\/wp-json\/wp\/v2\/types\/post"}],"author":[{"embeddable":true,"href":"https:\/\/www.lecuine.com\/blog\/wp-json\/wp\/v2\/users\/5"}],"replies":[{"embeddable":true,"href":"https:\/\/www.lecuine.com\/blog\/wp-json\/wp\/v2\/comments?post=7932"}],"version-history":[{"count":0,"href":"https:\/\/www.lecuine.com\/blog\/wp-json\/wp\/v2\/posts\/7932\/revisions"}],"wp:featuredmedia":[{"embeddable":true,"href":"https:\/\/www.lecuine.com\/blog\/wp-json\/wp\/v2\/media\/7935"}],"wp:attachment":[{"href":"https:\/\/www.lecuine.com\/blog\/wp-json\/wp\/v2\/media?parent=7932"}],"wp:term":[{"taxonomy":"category","embeddable":true,"href":"https:\/\/www.lecuine.com\/blog\/wp-json\/wp\/v2\/categories?post=7932"},{"taxonomy":"post_tag","embeddable":true,"href":"https:\/\/www.lecuine.com\/blog\/wp-json\/wp\/v2\/tags?post=7932"}],"curies":[{"name":"wp","href":"https:\/\/api.w.org\/{rel}","templated":true}]}}