{"id":5985,"date":"2016-10-14T13:23:33","date_gmt":"2016-10-14T11:23:33","guid":{"rendered":"\/blog\/?p=5985"},"modified":"2021-04-27T16:04:22","modified_gmt":"2021-04-27T14:04:22","slug":"pasta-casera-las-finas-hierbas-frutti-di-mare","status":"publish","type":"post","link":"https:\/\/www.lecuine.com\/blog\/pasta-casera-las-finas-hierbas-frutti-di-mare\/","title":{"rendered":"Pasta casera a las finas hierbas con frutti di mare"},"content":{"rendered":"<p>En este art\u00edculo para aprender a hacer pasta casera, Ra\u00fal de <a href=\"http:\/\/www.contigoenlaplaya.com\" target=\"_blank\" rel=\"nofollow noopener noreferrer\">Contigo en la playa<\/a> nos ense\u00f1a a elaborarla <strong>con finas hierbas<\/strong>, y todos sus trucos para que nos salga \u00a1bien sabrosa!<\/p>\n<h2>Pasta a las finas hierbas con frutti di mare<\/h2>\n<p>Os traigo un plato de pasta casero<strong> inspirado en la cocina mediterr\u00e1nea<\/strong> del sur de Francia, la pasta \u00a0enriquecida con las hierbas t\u00edpicas de la Provenza,<\/p>\n<p>acompa\u00f1ados de unos mariscos que bien nos podr\u00edan recordar a una deliciosa bullabesa y para terminar, un arom\u00e1tico toque c\u00edtrico. Sabores que nos recuerdan al sur, al calor y al verano, a d\u00edas de siesta y tranquilidad. Un plato con el que disfrutar, tanto prepar\u00e1ndolo, como comi\u00e9ndolo, reulta delicioso y evocador, \u00bfos apunt\u00e1is?<\/p>\n","protected":false},"excerpt":{"rendered":"<p>En este art\u00edculo para aprender a hacer pasta casera, Ra\u00fal de Contigo en la playa nos ense\u00f1a a elaborarla con finas hierbas, y todos sus trucos para que nos salga \u00a1bien sabrosa! Pasta a las finas hierbas con frutti di mare Os traigo un plato de pasta casero inspirado en la cocina mediterr\u00e1nea del sur&#8230;<\/p>\n","protected":false},"author":16,"featured_media":7856,"comment_status":"open","ping_status":"closed","sticky":false,"template":"","format":"standard","meta":{"_acf_changed":false,"footnotes":""},"categories":[73,5],"tags":[],"class_list":["post-5985","post","type-post","status-publish","format-standard","has-post-thumbnail","hentry","category-como-hacer-pasta-casera","category-recetas"],"acf":[],"yoast_head":"<!-- This site is optimized with the Yoast SEO plugin v27.2 - https:\/\/yoast.com\/product\/yoast-seo-wordpress\/ -->\n<title>Pasta casera a las finas hierbas con frutti di mare - Lecuiners<\/title>\n<meta name=\"robots\" content=\"index, follow, max-snippet:-1, max-image-preview:large, max-video-preview:-1\" \/>\n<link rel=\"canonical\" href=\"https:\/\/www.lecuine.com\/blog\/pasta-casera-las-finas-hierbas-frutti-di-mare\/\" \/>\n<meta property=\"og:locale\" content=\"es_ES\" \/>\n<meta property=\"og:type\" content=\"article\" \/>\n<meta property=\"og:title\" content=\"Pasta casera a las finas hierbas con frutti di mare - Lecuiners\" \/>\n<meta property=\"og:description\" content=\"En este art\u00edculo para aprender a hacer pasta casera, Ra\u00fal de Contigo en la playa nos ense\u00f1a a elaborarla con finas hierbas, y todos sus trucos para que nos salga \u00a1bien sabrosa! Pasta a las finas hierbas con frutti di mare Os traigo un plato de pasta casero inspirado en la cocina mediterr\u00e1nea del sur...\" \/>\n<meta property=\"og:url\" content=\"http:\/\/www.lecuine.com\/blog\/pasta-casera-las-finas-hierbas-frutti-di-mare\/\" \/>\n<meta property=\"og:site_name\" content=\"Lecuiners\" \/>\n<meta property=\"article:author\" content=\"https:\/\/www.facebook.com\/Contigoenlaplaya\" \/>\n<meta property=\"article:published_time\" content=\"2016-10-14T11:23:33+00:00\" \/>\n<meta property=\"article:modified_time\" content=\"2021-04-27T14:04:22+00:00\" \/>\n<meta property=\"og:image\" content=\"https:\/\/www.lecuine.com\/blog\/wp-content\/uploads\/2016\/10\/pasta-frutti-mare.jpg\" \/>\n\t<meta property=\"og:image:width\" content=\"914\" \/>\n\t<meta property=\"og:image:height\" content=\"559\" \/>\n\t<meta property=\"og:image:type\" content=\"image\/jpeg\" \/>\n<meta name=\"author\" content=\"Contigo en la playa\" \/>\n<meta name=\"twitter:label1\" content=\"Escrito por\" \/>\n\t<meta name=\"twitter:data1\" content=\"Contigo en la playa\" \/>\n\t<meta name=\"twitter:label2\" content=\"Tiempo de lectura\" \/>\n\t<meta name=\"twitter:data2\" content=\"1 minuto\" \/>\n<script type=\"application\/ld+json\" class=\"yoast-schema-graph\">{\"@context\":\"https:\/\/schema.org\",\"@graph\":[{\"@type\":\"Article\",\"@id\":\"https:\/\/www.lecuine.com\/blog\/pasta-casera-las-finas-hierbas-frutti-di-mare\/#article\",\"isPartOf\":{\"@id\":\"https:\/\/www.lecuine.com\/blog\/pasta-casera-las-finas-hierbas-frutti-di-mare\/\"},\"author\":{\"name\":\"Contigo en la playa\",\"@id\":\"https:\/\/www.lecuine.com\/blog\/#\/schema\/person\/5469e0e0da5de25b6462d27165fb9de5\"},\"headline\":\"Pasta casera a las finas hierbas con frutti di mare\",\"datePublished\":\"2016-10-14T11:23:33+00:00\",\"dateModified\":\"2021-04-27T14:04:22+00:00\",\"mainEntityOfPage\":{\"@id\":\"https:\/\/www.lecuine.com\/blog\/pasta-casera-las-finas-hierbas-frutti-di-mare\/\"},\"wordCount\":143,\"commentCount\":0,\"image\":{\"@id\":\"https:\/\/www.lecuine.com\/blog\/pasta-casera-las-finas-hierbas-frutti-di-mare\/#primaryimage\"},\"thumbnailUrl\":\"https:\/\/www.lecuine.com\/blog\/wp-content\/uploads\/2016\/10\/pasta-frutti-mare.jpg\",\"articleSection\":[\"Como hacer pasta casera\",\"recetas\"],\"inLanguage\":\"es\",\"potentialAction\":[{\"@type\":\"CommentAction\",\"name\":\"Comment\",\"target\":[\"https:\/\/www.lecuine.com\/blog\/pasta-casera-las-finas-hierbas-frutti-di-mare\/#respond\"]}]},{\"@type\":\"WebPage\",\"@id\":\"https:\/\/www.lecuine.com\/blog\/pasta-casera-las-finas-hierbas-frutti-di-mare\/\",\"url\":\"https:\/\/www.lecuine.com\/blog\/pasta-casera-las-finas-hierbas-frutti-di-mare\/\",\"name\":\"Pasta casera a las finas hierbas con frutti di mare - Lecuiners\",\"isPartOf\":{\"@id\":\"https:\/\/www.lecuine.com\/blog\/#website\"},\"primaryImageOfPage\":{\"@id\":\"https:\/\/www.lecuine.com\/blog\/pasta-casera-las-finas-hierbas-frutti-di-mare\/#primaryimage\"},\"image\":{\"@id\":\"https:\/\/www.lecuine.com\/blog\/pasta-casera-las-finas-hierbas-frutti-di-mare\/#primaryimage\"},\"thumbnailUrl\":\"https:\/\/www.lecuine.com\/blog\/wp-content\/uploads\/2016\/10\/pasta-frutti-mare.jpg\",\"datePublished\":\"2016-10-14T11:23:33+00:00\",\"dateModified\":\"2021-04-27T14:04:22+00:00\",\"author\":{\"@id\":\"https:\/\/www.lecuine.com\/blog\/#\/schema\/person\/5469e0e0da5de25b6462d27165fb9de5\"},\"inLanguage\":\"es\",\"potentialAction\":[{\"@type\":\"ReadAction\",\"target\":[\"https:\/\/www.lecuine.com\/blog\/pasta-casera-las-finas-hierbas-frutti-di-mare\/\"]}]},{\"@type\":\"ImageObject\",\"inLanguage\":\"es\",\"@id\":\"https:\/\/www.lecuine.com\/blog\/pasta-casera-las-finas-hierbas-frutti-di-mare\/#primaryimage\",\"url\":\"https:\/\/www.lecuine.com\/blog\/wp-content\/uploads\/2016\/10\/pasta-frutti-mare.jpg\",\"contentUrl\":\"https:\/\/www.lecuine.com\/blog\/wp-content\/uploads\/2016\/10\/pasta-frutti-mare.jpg\",\"width\":914,\"height\":559,\"caption\":\"pasta casera\"},{\"@type\":\"WebSite\",\"@id\":\"https:\/\/www.lecuine.com\/blog\/#website\",\"url\":\"https:\/\/www.lecuine.com\/blog\/\",\"name\":\"Lecuiners\",\"description\":\"El blog de la tienda online Lecuine.com\",\"potentialAction\":[{\"@type\":\"SearchAction\",\"target\":{\"@type\":\"EntryPoint\",\"urlTemplate\":\"https:\/\/www.lecuine.com\/blog\/?s={search_term_string}\"},\"query-input\":{\"@type\":\"PropertyValueSpecification\",\"valueRequired\":true,\"valueName\":\"search_term_string\"}}],\"inLanguage\":\"es\"},{\"@type\":\"Person\",\"@id\":\"https:\/\/www.lecuine.com\/blog\/#\/schema\/person\/5469e0e0da5de25b6462d27165fb9de5\",\"name\":\"Contigo en la playa\",\"image\":{\"@type\":\"ImageObject\",\"inLanguage\":\"es\",\"@id\":\"https:\/\/www.lecuine.com\/blog\/wp-content\/uploads\/2016\/11\/contigoenlaplaya-216x132.jpg\",\"url\":\"https:\/\/www.lecuine.com\/blog\/wp-content\/uploads\/2016\/11\/contigoenlaplaya-216x132.jpg\",\"contentUrl\":\"https:\/\/www.lecuine.com\/blog\/wp-content\/uploads\/2016\/11\/contigoenlaplaya-216x132.jpg\",\"caption\":\"Contigo en la playa\"},\"description\":\"Ra\u00fal es un exquisito de la cocina que comparte sus recetas en su blog: contigoenlaplaya.com\",\"sameAs\":[\"https:\/\/www.facebook.com\/Contigoenlaplaya\",\"https:\/\/x.com\/raulenlaplaya\"],\"url\":\"https:\/\/www.lecuine.com\/blog\/author\/contigo-en-la-playa\/\"}]}<\/script>\n<!-- \/ Yoast SEO plugin. -->","yoast_head_json":{"title":"Pasta casera a las finas hierbas con frutti di mare - Lecuiners","robots":{"index":"index","follow":"follow","max-snippet":"max-snippet:-1","max-image-preview":"max-image-preview:large","max-video-preview":"max-video-preview:-1"},"canonical":"https:\/\/www.lecuine.com\/blog\/pasta-casera-las-finas-hierbas-frutti-di-mare\/","og_locale":"es_ES","og_type":"article","og_title":"Pasta casera a las finas hierbas con frutti di mare - Lecuiners","og_description":"En este art\u00edculo para aprender a hacer pasta casera, Ra\u00fal de Contigo en la playa nos ense\u00f1a a elaborarla con finas hierbas, y todos sus trucos para que nos salga \u00a1bien sabrosa! Pasta a las finas hierbas con frutti di mare Os traigo un plato de pasta casero inspirado en la cocina mediterr\u00e1nea del sur...","og_url":"http:\/\/www.lecuine.com\/blog\/pasta-casera-las-finas-hierbas-frutti-di-mare\/","og_site_name":"Lecuiners","article_author":"https:\/\/www.facebook.com\/Contigoenlaplaya","article_published_time":"2016-10-14T11:23:33+00:00","article_modified_time":"2021-04-27T14:04:22+00:00","og_image":[{"width":914,"height":559,"url":"https:\/\/www.lecuine.com\/blog\/wp-content\/uploads\/2016\/10\/pasta-frutti-mare.jpg","type":"image\/jpeg"}],"author":"Contigo en la playa","twitter_misc":{"Escrito por":"Contigo en la playa","Tiempo de lectura":"1 minuto"},"schema":{"@context":"https:\/\/schema.org","@graph":[{"@type":"Article","@id":"https:\/\/www.lecuine.com\/blog\/pasta-casera-las-finas-hierbas-frutti-di-mare\/#article","isPartOf":{"@id":"https:\/\/www.lecuine.com\/blog\/pasta-casera-las-finas-hierbas-frutti-di-mare\/"},"author":{"name":"Contigo en la playa","@id":"https:\/\/www.lecuine.com\/blog\/#\/schema\/person\/5469e0e0da5de25b6462d27165fb9de5"},"headline":"Pasta casera a las finas hierbas con frutti di mare","datePublished":"2016-10-14T11:23:33+00:00","dateModified":"2021-04-27T14:04:22+00:00","mainEntityOfPage":{"@id":"https:\/\/www.lecuine.com\/blog\/pasta-casera-las-finas-hierbas-frutti-di-mare\/"},"wordCount":143,"commentCount":0,"image":{"@id":"https:\/\/www.lecuine.com\/blog\/pasta-casera-las-finas-hierbas-frutti-di-mare\/#primaryimage"},"thumbnailUrl":"https:\/\/www.lecuine.com\/blog\/wp-content\/uploads\/2016\/10\/pasta-frutti-mare.jpg","articleSection":["Como hacer pasta casera","recetas"],"inLanguage":"es","potentialAction":[{"@type":"CommentAction","name":"Comment","target":["https:\/\/www.lecuine.com\/blog\/pasta-casera-las-finas-hierbas-frutti-di-mare\/#respond"]}]},{"@type":"WebPage","@id":"https:\/\/www.lecuine.com\/blog\/pasta-casera-las-finas-hierbas-frutti-di-mare\/","url":"https:\/\/www.lecuine.com\/blog\/pasta-casera-las-finas-hierbas-frutti-di-mare\/","name":"Pasta casera a las finas hierbas con frutti di mare - Lecuiners","isPartOf":{"@id":"https:\/\/www.lecuine.com\/blog\/#website"},"primaryImageOfPage":{"@id":"https:\/\/www.lecuine.com\/blog\/pasta-casera-las-finas-hierbas-frutti-di-mare\/#primaryimage"},"image":{"@id":"https:\/\/www.lecuine.com\/blog\/pasta-casera-las-finas-hierbas-frutti-di-mare\/#primaryimage"},"thumbnailUrl":"https:\/\/www.lecuine.com\/blog\/wp-content\/uploads\/2016\/10\/pasta-frutti-mare.jpg","datePublished":"2016-10-14T11:23:33+00:00","dateModified":"2021-04-27T14:04:22+00:00","author":{"@id":"https:\/\/www.lecuine.com\/blog\/#\/schema\/person\/5469e0e0da5de25b6462d27165fb9de5"},"inLanguage":"es","potentialAction":[{"@type":"ReadAction","target":["https:\/\/www.lecuine.com\/blog\/pasta-casera-las-finas-hierbas-frutti-di-mare\/"]}]},{"@type":"ImageObject","inLanguage":"es","@id":"https:\/\/www.lecuine.com\/blog\/pasta-casera-las-finas-hierbas-frutti-di-mare\/#primaryimage","url":"https:\/\/www.lecuine.com\/blog\/wp-content\/uploads\/2016\/10\/pasta-frutti-mare.jpg","contentUrl":"https:\/\/www.lecuine.com\/blog\/wp-content\/uploads\/2016\/10\/pasta-frutti-mare.jpg","width":914,"height":559,"caption":"pasta casera"},{"@type":"WebSite","@id":"https:\/\/www.lecuine.com\/blog\/#website","url":"https:\/\/www.lecuine.com\/blog\/","name":"Lecuiners","description":"El blog de la tienda online Lecuine.com","potentialAction":[{"@type":"SearchAction","target":{"@type":"EntryPoint","urlTemplate":"https:\/\/www.lecuine.com\/blog\/?s={search_term_string}"},"query-input":{"@type":"PropertyValueSpecification","valueRequired":true,"valueName":"search_term_string"}}],"inLanguage":"es"},{"@type":"Person","@id":"https:\/\/www.lecuine.com\/blog\/#\/schema\/person\/5469e0e0da5de25b6462d27165fb9de5","name":"Contigo en la playa","image":{"@type":"ImageObject","inLanguage":"es","@id":"https:\/\/www.lecuine.com\/blog\/wp-content\/uploads\/2016\/11\/contigoenlaplaya-216x132.jpg","url":"https:\/\/www.lecuine.com\/blog\/wp-content\/uploads\/2016\/11\/contigoenlaplaya-216x132.jpg","contentUrl":"https:\/\/www.lecuine.com\/blog\/wp-content\/uploads\/2016\/11\/contigoenlaplaya-216x132.jpg","caption":"Contigo en la playa"},"description":"Ra\u00fal es un exquisito de la cocina que comparte sus recetas en su blog: contigoenlaplaya.com","sameAs":["https:\/\/www.facebook.com\/Contigoenlaplaya","https:\/\/x.com\/raulenlaplaya"],"url":"https:\/\/www.lecuine.com\/blog\/author\/contigo-en-la-playa\/"}]}},"_links":{"self":[{"href":"https:\/\/www.lecuine.com\/blog\/wp-json\/wp\/v2\/posts\/5985","targetHints":{"allow":["GET"]}}],"collection":[{"href":"https:\/\/www.lecuine.com\/blog\/wp-json\/wp\/v2\/posts"}],"about":[{"href":"https:\/\/www.lecuine.com\/blog\/wp-json\/wp\/v2\/types\/post"}],"author":[{"embeddable":true,"href":"https:\/\/www.lecuine.com\/blog\/wp-json\/wp\/v2\/users\/16"}],"replies":[{"embeddable":true,"href":"https:\/\/www.lecuine.com\/blog\/wp-json\/wp\/v2\/comments?post=5985"}],"version-history":[{"count":1,"href":"https:\/\/www.lecuine.com\/blog\/wp-json\/wp\/v2\/posts\/5985\/revisions"}],"predecessor-version":[{"id":12392,"href":"https:\/\/www.lecuine.com\/blog\/wp-json\/wp\/v2\/posts\/5985\/revisions\/12392"}],"wp:featuredmedia":[{"embeddable":true,"href":"https:\/\/www.lecuine.com\/blog\/wp-json\/wp\/v2\/media\/7856"}],"wp:attachment":[{"href":"https:\/\/www.lecuine.com\/blog\/wp-json\/wp\/v2\/media?parent=5985"}],"wp:term":[{"taxonomy":"category","embeddable":true,"href":"https:\/\/www.lecuine.com\/blog\/wp-json\/wp\/v2\/categories?post=5985"},{"taxonomy":"post_tag","embeddable":true,"href":"https:\/\/www.lecuine.com\/blog\/wp-json\/wp\/v2\/tags?post=5985"}],"curies":[{"name":"wp","href":"https:\/\/api.w.org\/{rel}","templated":true}]}}