{"id":5304,"date":"2016-06-23T17:22:19","date_gmt":"2016-06-23T15:22:19","guid":{"rendered":"\/blog\/?p=5304"},"modified":"2020-10-13T16:24:05","modified_gmt":"2020-10-13T14:24:05","slug":"maquina-pasta-galletas-marcato","status":"publish","type":"post","link":"https:\/\/www.lecuine.com\/blog\/maquina-pasta-galletas-marcato\/","title":{"rendered":"Por qu\u00e9 tener m\u00e1quina de pasta y de galletas Marcato"},"content":{"rendered":"<p>Todos los estudios de mercado constatan que <strong>estamos reaprendiendo a comer<\/strong> de una forma saludable. Gran parte de las enfermedades que amenazan a los humanos del siglo XXI se deben a malos h\u00e1bitos. El impulso joven y emprendedor lo ha entendido y se ha propuesto como reto <strong>renovar el sector alimentario<\/strong> y la forma\u00a0 en que nos alimentamos. Los bloguers de cocina, por su parte, nos ense\u00f1an a <strong>cocinar de nuevo en casa<\/strong> adapt\u00e1ndonos a la vida moderna.<\/p>\n<h2>Reaprendiendo a alimentarnos<\/h2>\n<p>En la segunda edici\u00f3n de la cumbre europea de FoodTech, <strong>Seeds&amp;Chips<\/strong>, m\u00e1s de 220 start-ups internacionales presentaron novedades en AgTech, FoodDelivery, Food Design, Big Data, Smart Kitchen, WineTech, Waste&#8230; Las <strong>nuevas iniciativas<\/strong> nos proponen huertos interiores en casa y en los restaurantes, invernaderos urbanos de agricultura ecol\u00f3gica, fuentes de prote\u00ednas alternativas como carne de laboratorio, queso a partir de cereales o insectos&#8230;<\/p>\n<p>La agricultura est\u00e1 en pleno debate de hacia d\u00f3nde evolucionar. Congresos como el 2016 Silicon Valley AgTech Conference, el World AgriTech Investment Summit, The Forbes AgTech Summit\u2026 debaten c\u00f3mo implementar los avances tecnol\u00f3gicos para conseguir<strong> una agricultura m\u00e1s eficiente<\/strong>, capaz de alimentar a los 9.000 millones de humanos que seremos en el a\u00f1o 2050. Tambi\u00e9n nos esperan sorpresas con el avance de la <strong>agricultura celular<\/strong>, que investiga las interacciones de los compuestos alimenticios con el genoma humano.<\/p>\n<p>La <strong>Smart Kitchen<\/strong> o mercado de electrodom\u00e9sticos inteligentes es otra de las \u00e1reas que est\u00e1 aportando soluciones personalizadas a necesidades cotidianas. Frigor\u00edficos que se ocupan de la lista de la compra, b\u00e1sculas que ofrecen dietas, hornos que memorizan recetas, cocinas que controlan la temperatura del aceite&#8230;<\/p>\n<h2>Aprendiendo de cocina<\/h2>\n<p>El gran cambio, sin embargo, es el de <strong>nuestros h\u00e1bitos<\/strong>. No son los avances tecnol\u00f3gicos sino la concienciaci\u00f3n personal la que nos hace evolucionar. La presi\u00f3n es grande: los restaurantes proponen nuevas experiencias culinarias, Instagram presenta apetitosos platos caseros sin muchas dificultades, los bloguers ense\u00f1an t\u00e9cnicas b\u00e1sicas y a organizarse en la cocina&#8230; Solo hace falta que te abras a la nueva sensibilidad, en la medida de tus posibilidades.<\/p>\n<p>Para ello, <strong>la organizaci\u00f3n es la clave<\/strong>. En la serie \u00ab<a href=\"\/blog\/serie-aprende-a-cocinar-iv\/\" target=\"_blank\" rel=\"noopener noreferrer\">Aprende a cocinar<\/a>\u00ab, grandes bloguers nos ense\u00f1an que <strong>es relevante aprender<\/strong> a trabajar con sobras, congelados y conservas, hacer men\u00fas y listas de la compra, tener siempre a punto b\u00e1sicos en la nevera y la despensa, hacer un recetario y practicar con recetas b\u00e1sicas hasta que se consigue hacer bien.<\/p>\n<p>Tenemos poco tiempo, necesitamos aprender, queremos presentar con gracia nuestras recetas, que sean apetitosas, e incluso compartirlas en las redes sociales&#8230;\u00a0 Aqu\u00ed entra la importancia de <strong>disponer de utensilios de cocina de calidad<\/strong> y m\u00e1quinas manuales como la de pasta y la de galletas de Marcato.<\/p>\n<p><a href=\"\/blog\/wp-content\/uploads\/2016\/06\/maquinapastamarcato.jpg\"><img decoding=\"async\" width=\"800\" height=\"533\" class=\"size-full wp-image-5323 aligncenter\" src=\"\/blog\/wp-content\/uploads\/2016\/06\/maquinapastamarcato.jpg\" alt=\"maquina de pasta marcato\" srcset=\"https:\/\/www.lecuine.com\/blog\/wp-content\/uploads\/2016\/06\/maquinapastamarcato.jpg 800w, https:\/\/www.lecuine.com\/blog\/wp-content\/uploads\/2016\/06\/maquinapastamarcato-608x405.jpg 608w, https:\/\/www.lecuine.com\/blog\/wp-content\/uploads\/2016\/06\/maquinapastamarcato-768x512.jpg 768w\" sizes=\"(max-width: 800px) 100vw, 800px\" \/><\/a><\/p>\n<h2>La m\u00e1quina de pasta Marcato<\/h2>\n<p><strong>Hacer pasta en casa<\/strong> es uno de los grandes rescates de la cocina de anta\u00f1o. Es, por una parte, <strong>un proceso placentero<\/strong> en que se mete las manos en la harina, se disfruta de las texturas y los aromas, se trabaja emociones internas y se transmite buenas energ\u00edas. Aprendiendo a organizarse, se dedica una hora entre hacer la masa, dejarla en la nevera y pasarla por la m\u00e1quina para hacer lasa\u00f1a, fetuccini o tallarines, se consume lo del d\u00eda y el resto, o <strong>se congela o se guarda<\/strong> en un bote de vidrio como pasta seca. Es mucho lo que da a cambio de una hora.<\/p>\n<p>Una m\u00e1quina casera de pasta aporta <strong>la gran diferencia<\/strong>. Amasar a mano y cortar la masa en tallarines o espaguetis es realmente lento y poco uniforme. Por esto vale la pena invertir en una buena m\u00e1quina. Y sin duda <strong>la mejor del mercado es la m\u00e1quina de pasta Marcato<\/strong>.<\/p>\n<p>De tama\u00f1o mediano y piezas desmontables para guardar en su caja en poco espacio, toda de acero cromado, es resistente y f\u00e1cil de usar. Aunque, como todas las m\u00e1quinas de pasta, no debes mojarla nunca: se limpia pas\u00e1ndole un trapo y eliminando restos con un pincel. Tiene el imprescindible regulador de 10 posiciones y el complemento para hacer 3 tipos de pasta. Y una garant\u00eda de 10 a\u00f1os. Es sin duda la m\u00e1s recomendable por su belleza y su durabilidad. Y tiene un enorme <a href=\"\/176-maquinas-para-hacer-pasta\" target=\"_blank\" rel=\"noopener noreferrer\">universo de complementos Marcato<\/a> como el accesorio para espaguetis, para capellini, raviolini, lasagnete, la tableta para hacer raviolis, el espolvoreador o el elegante tendedero.<\/p>\n<p><a href=\"\/25_marcato\"><img decoding=\"async\" width=\"780\" height=\"192\" class=\"size-full wp-image-5331 aligncenter\" src=\"\/blog\/wp-content\/uploads\/2016\/06\/marcato.jpg\" alt=\"Comprar productos Marcato con descuento\" srcset=\"https:\/\/www.lecuine.com\/blog\/wp-content\/uploads\/2016\/06\/marcato.jpg 780w, https:\/\/www.lecuine.com\/blog\/wp-content\/uploads\/2016\/06\/marcato-660x162.jpg 660w, https:\/\/www.lecuine.com\/blog\/wp-content\/uploads\/2016\/06\/marcato-768x189.jpg 768w\" sizes=\"(max-width: 780px) 100vw, 780px\" \/><\/a><\/p>\n<h2>La m\u00e1quina de galletas Marcato<\/h2>\n<p>Las <strong>galletas caseras<\/strong> son otro de los grandes reaprendizajes de este siglo. Los bloguers de cocina comparten multitud de recetas con o sin gluten, vegetarianas, saludables, de frutas o especias, para ni\u00f1os&#8230; Y existe en el mercado una gran oferta de moldes para cortarlas en formas variadas. Pero cuando ya se tiene por la mano hacer galletas, o se hacen con los ni\u00f1os en familia, llega el momento de pensar en la m\u00e1quina para hacer galletas. <strong>\u00bfCu\u00e1l es la gran diferencia?<\/strong> Que haces galletas profesionales. Que vas mucho m\u00e1s r\u00e1pido. Que a los ni\u00f1os les parece m\u00e1gico. Que obtienes galletas para regalar.<\/p>\n<p>De nuevo, te recomendamos la m\u00e1quina de galletas Marcato, porque es <strong>preciosa, robusta, f\u00e1cil de usar y de lavar<\/strong>. Tambi\u00e9n se lo parece a Webos fritos que habla en su blog sobre la Marcato y dos recetas: galletas de Nutella y de mantequilla. La m\u00e1quina de galletas Marcato tiene 20 moldes con dibujos diferentes y una garant\u00eda de 10 a\u00f1os. Y la capacidad de hacerte disfrutar con ella, como un ni\u00f1@.<\/p>\n<p><a href=\"\/blog\/wp-content\/uploads\/2016\/06\/maquinagalletasmarcato.jpg\"><img decoding=\"async\" width=\"851\" height=\"315\" class=\"size-full wp-image-5324 aligncenter\" src=\"\/blog\/wp-content\/uploads\/2016\/06\/maquinagalletasmarcato.jpg\" alt=\"maquina galletas marcato\" srcset=\"https:\/\/www.lecuine.com\/blog\/wp-content\/uploads\/2016\/06\/maquinagalletasmarcato.jpg 851w, https:\/\/www.lecuine.com\/blog\/wp-content\/uploads\/2016\/06\/maquinagalletasmarcato-660x244.jpg 660w, https:\/\/www.lecuine.com\/blog\/wp-content\/uploads\/2016\/06\/maquinagalletasmarcato-768x284.jpg 768w\" sizes=\"(max-width: 851px) 100vw, 851px\" \/><\/a><\/p>\n","protected":false},"excerpt":{"rendered":"<p>Todos los estudios de mercado constatan que estamos reaprendiendo a comer de una forma saludable. Gran parte de las enfermedades que amenazan a los humanos del siglo XXI se deben a malos h\u00e1bitos. El impulso joven y emprendedor lo ha entendido y se ha propuesto como reto renovar el sector alimentario y la forma\u00a0 en&#8230;<\/p>\n","protected":false},"author":4,"featured_media":5327,"comment_status":"open","ping_status":"open","sticky":false,"template":"","format":"standard","meta":{"_acf_changed":false,"footnotes":""},"categories":[3],"tags":[156,155],"class_list":["post-5304","post","type-post","status-publish","format-standard","has-post-thumbnail","hentry","category-analisis","tag-biscuits","tag-marcato"],"acf":[],"yoast_head":"<!-- This site is optimized with the Yoast SEO plugin v27.2 - https:\/\/yoast.com\/product\/yoast-seo-wordpress\/ -->\n<title>Por qu\u00e9 tener m\u00e1quina de pasta y de galletas Marcato - Lecuiners<\/title>\n<meta name=\"robots\" content=\"index, follow, max-snippet:-1, max-image-preview:large, max-video-preview:-1\" \/>\n<link rel=\"canonical\" href=\"https:\/\/www.lecuine.com\/blog\/maquina-pasta-galletas-marcato\/\" \/>\n<meta property=\"og:locale\" content=\"es_ES\" \/>\n<meta property=\"og:type\" content=\"article\" \/>\n<meta property=\"og:title\" content=\"Por qu\u00e9 tener m\u00e1quina de pasta y de galletas Marcato - Lecuiners\" \/>\n<meta property=\"og:description\" content=\"Todos los estudios de mercado constatan que estamos reaprendiendo a comer de una forma saludable. Gran parte de las enfermedades que amenazan a los humanos del siglo XXI se deben a malos h\u00e1bitos. El impulso joven y emprendedor lo ha entendido y se ha propuesto como reto renovar el sector alimentario y la forma\u00a0 en...\" \/>\n<meta property=\"og:url\" content=\"http:\/\/www.lecuine.com\/blog\/maquina-pasta-galletas-marcato\/\" \/>\n<meta property=\"og:site_name\" content=\"Lecuiners\" \/>\n<meta property=\"article:published_time\" content=\"2016-06-23T15:22:19+00:00\" \/>\n<meta property=\"article:modified_time\" content=\"2020-10-13T14:24:05+00:00\" \/>\n<meta property=\"og:image\" content=\"https:\/\/www.lecuine.com\/blog\/wp-content\/uploads\/2016\/06\/pastacasera.jpg\" \/>\n\t<meta property=\"og:image:width\" content=\"825\" \/>\n\t<meta property=\"og:image:height\" content=\"618\" \/>\n\t<meta property=\"og:image:type\" content=\"image\/jpeg\" \/>\n<meta name=\"author\" content=\"Alfredo\" \/>\n<meta name=\"twitter:label1\" content=\"Escrito por\" \/>\n\t<meta name=\"twitter:data1\" content=\"Alfredo\" \/>\n\t<meta name=\"twitter:label2\" content=\"Tiempo de lectura\" \/>\n\t<meta name=\"twitter:data2\" content=\"5 minutos\" \/>\n<script type=\"application\/ld+json\" class=\"yoast-schema-graph\">{\"@context\":\"https:\/\/schema.org\",\"@graph\":[{\"@type\":\"Article\",\"@id\":\"https:\/\/www.lecuine.com\/blog\/maquina-pasta-galletas-marcato\/#article\",\"isPartOf\":{\"@id\":\"https:\/\/www.lecuine.com\/blog\/maquina-pasta-galletas-marcato\/\"},\"author\":{\"name\":\"Alfredo\",\"@id\":\"https:\/\/www.lecuine.com\/blog\/#\/schema\/person\/5ebc04267097475807777711c3dccd17\"},\"headline\":\"Por qu\u00e9 tener m\u00e1quina de pasta y de galletas Marcato\",\"datePublished\":\"2016-06-23T15:22:19+00:00\",\"dateModified\":\"2020-10-13T14:24:05+00:00\",\"mainEntityOfPage\":{\"@id\":\"https:\/\/www.lecuine.com\/blog\/maquina-pasta-galletas-marcato\/\"},\"wordCount\":954,\"commentCount\":5,\"image\":{\"@id\":\"https:\/\/www.lecuine.com\/blog\/maquina-pasta-galletas-marcato\/#primaryimage\"},\"thumbnailUrl\":\"https:\/\/www.lecuine.com\/blog\/wp-content\/uploads\/2016\/06\/pastacasera.jpg\",\"keywords\":[\"biscuits\",\"marcato\"],\"articleSection\":[\"an\u00e1lisis\"],\"inLanguage\":\"es\",\"potentialAction\":[{\"@type\":\"CommentAction\",\"name\":\"Comment\",\"target\":[\"https:\/\/www.lecuine.com\/blog\/maquina-pasta-galletas-marcato\/#respond\"]}]},{\"@type\":\"WebPage\",\"@id\":\"https:\/\/www.lecuine.com\/blog\/maquina-pasta-galletas-marcato\/\",\"url\":\"https:\/\/www.lecuine.com\/blog\/maquina-pasta-galletas-marcato\/\",\"name\":\"Por qu\u00e9 tener m\u00e1quina de pasta y de galletas Marcato - Lecuiners\",\"isPartOf\":{\"@id\":\"https:\/\/www.lecuine.com\/blog\/#website\"},\"primaryImageOfPage\":{\"@id\":\"https:\/\/www.lecuine.com\/blog\/maquina-pasta-galletas-marcato\/#primaryimage\"},\"image\":{\"@id\":\"https:\/\/www.lecuine.com\/blog\/maquina-pasta-galletas-marcato\/#primaryimage\"},\"thumbnailUrl\":\"https:\/\/www.lecuine.com\/blog\/wp-content\/uploads\/2016\/06\/pastacasera.jpg\",\"datePublished\":\"2016-06-23T15:22:19+00:00\",\"dateModified\":\"2020-10-13T14:24:05+00:00\",\"author\":{\"@id\":\"https:\/\/www.lecuine.com\/blog\/#\/schema\/person\/5ebc04267097475807777711c3dccd17\"},\"inLanguage\":\"es\",\"potentialAction\":[{\"@type\":\"ReadAction\",\"target\":[\"https:\/\/www.lecuine.com\/blog\/maquina-pasta-galletas-marcato\/\"]}]},{\"@type\":\"ImageObject\",\"inLanguage\":\"es\",\"@id\":\"https:\/\/www.lecuine.com\/blog\/maquina-pasta-galletas-marcato\/#primaryimage\",\"url\":\"https:\/\/www.lecuine.com\/blog\/wp-content\/uploads\/2016\/06\/pastacasera.jpg\",\"contentUrl\":\"https:\/\/www.lecuine.com\/blog\/wp-content\/uploads\/2016\/06\/pastacasera.jpg\",\"width\":825,\"height\":618,\"caption\":\"pasta casera\"},{\"@type\":\"WebSite\",\"@id\":\"https:\/\/www.lecuine.com\/blog\/#website\",\"url\":\"https:\/\/www.lecuine.com\/blog\/\",\"name\":\"Lecuiners\",\"description\":\"El blog de la tienda online Lecuine.com\",\"potentialAction\":[{\"@type\":\"SearchAction\",\"target\":{\"@type\":\"EntryPoint\",\"urlTemplate\":\"https:\/\/www.lecuine.com\/blog\/?s={search_term_string}\"},\"query-input\":{\"@type\":\"PropertyValueSpecification\",\"valueRequired\":true,\"valueName\":\"search_term_string\"}}],\"inLanguage\":\"es\"},{\"@type\":\"Person\",\"@id\":\"https:\/\/www.lecuine.com\/blog\/#\/schema\/person\/5ebc04267097475807777711c3dccd17\",\"name\":\"Alfredo\",\"image\":{\"@type\":\"ImageObject\",\"inLanguage\":\"es\",\"@id\":\"https:\/\/www.lecuine.com\/blog\/wp-content\/uploads\/2019\/10\/lecuinero.jpg\",\"url\":\"https:\/\/www.lecuine.com\/blog\/wp-content\/uploads\/2019\/10\/lecuinero.jpg\",\"contentUrl\":\"https:\/\/www.lecuine.com\/blog\/wp-content\/uploads\/2019\/10\/lecuinero.jpg\",\"caption\":\"Alfredo\"},\"url\":\"https:\/\/www.lecuine.com\/blog\/author\/alfredo\/\"}]}<\/script>\n<!-- \/ Yoast SEO plugin. -->","yoast_head_json":{"title":"Por qu\u00e9 tener m\u00e1quina de pasta y de galletas Marcato - Lecuiners","robots":{"index":"index","follow":"follow","max-snippet":"max-snippet:-1","max-image-preview":"max-image-preview:large","max-video-preview":"max-video-preview:-1"},"canonical":"https:\/\/www.lecuine.com\/blog\/maquina-pasta-galletas-marcato\/","og_locale":"es_ES","og_type":"article","og_title":"Por qu\u00e9 tener m\u00e1quina de pasta y de galletas Marcato - Lecuiners","og_description":"Todos los estudios de mercado constatan que estamos reaprendiendo a comer de una forma saludable. Gran parte de las enfermedades que amenazan a los humanos del siglo XXI se deben a malos h\u00e1bitos. El impulso joven y emprendedor lo ha entendido y se ha propuesto como reto renovar el sector alimentario y la forma\u00a0 en...","og_url":"http:\/\/www.lecuine.com\/blog\/maquina-pasta-galletas-marcato\/","og_site_name":"Lecuiners","article_published_time":"2016-06-23T15:22:19+00:00","article_modified_time":"2020-10-13T14:24:05+00:00","og_image":[{"width":825,"height":618,"url":"https:\/\/www.lecuine.com\/blog\/wp-content\/uploads\/2016\/06\/pastacasera.jpg","type":"image\/jpeg"}],"author":"Alfredo","twitter_misc":{"Escrito por":"Alfredo","Tiempo de lectura":"5 minutos"},"schema":{"@context":"https:\/\/schema.org","@graph":[{"@type":"Article","@id":"https:\/\/www.lecuine.com\/blog\/maquina-pasta-galletas-marcato\/#article","isPartOf":{"@id":"https:\/\/www.lecuine.com\/blog\/maquina-pasta-galletas-marcato\/"},"author":{"name":"Alfredo","@id":"https:\/\/www.lecuine.com\/blog\/#\/schema\/person\/5ebc04267097475807777711c3dccd17"},"headline":"Por qu\u00e9 tener m\u00e1quina de pasta y de galletas Marcato","datePublished":"2016-06-23T15:22:19+00:00","dateModified":"2020-10-13T14:24:05+00:00","mainEntityOfPage":{"@id":"https:\/\/www.lecuine.com\/blog\/maquina-pasta-galletas-marcato\/"},"wordCount":954,"commentCount":5,"image":{"@id":"https:\/\/www.lecuine.com\/blog\/maquina-pasta-galletas-marcato\/#primaryimage"},"thumbnailUrl":"https:\/\/www.lecuine.com\/blog\/wp-content\/uploads\/2016\/06\/pastacasera.jpg","keywords":["biscuits","marcato"],"articleSection":["an\u00e1lisis"],"inLanguage":"es","potentialAction":[{"@type":"CommentAction","name":"Comment","target":["https:\/\/www.lecuine.com\/blog\/maquina-pasta-galletas-marcato\/#respond"]}]},{"@type":"WebPage","@id":"https:\/\/www.lecuine.com\/blog\/maquina-pasta-galletas-marcato\/","url":"https:\/\/www.lecuine.com\/blog\/maquina-pasta-galletas-marcato\/","name":"Por qu\u00e9 tener m\u00e1quina de pasta y de galletas Marcato - Lecuiners","isPartOf":{"@id":"https:\/\/www.lecuine.com\/blog\/#website"},"primaryImageOfPage":{"@id":"https:\/\/www.lecuine.com\/blog\/maquina-pasta-galletas-marcato\/#primaryimage"},"image":{"@id":"https:\/\/www.lecuine.com\/blog\/maquina-pasta-galletas-marcato\/#primaryimage"},"thumbnailUrl":"https:\/\/www.lecuine.com\/blog\/wp-content\/uploads\/2016\/06\/pastacasera.jpg","datePublished":"2016-06-23T15:22:19+00:00","dateModified":"2020-10-13T14:24:05+00:00","author":{"@id":"https:\/\/www.lecuine.com\/blog\/#\/schema\/person\/5ebc04267097475807777711c3dccd17"},"inLanguage":"es","potentialAction":[{"@type":"ReadAction","target":["https:\/\/www.lecuine.com\/blog\/maquina-pasta-galletas-marcato\/"]}]},{"@type":"ImageObject","inLanguage":"es","@id":"https:\/\/www.lecuine.com\/blog\/maquina-pasta-galletas-marcato\/#primaryimage","url":"https:\/\/www.lecuine.com\/blog\/wp-content\/uploads\/2016\/06\/pastacasera.jpg","contentUrl":"https:\/\/www.lecuine.com\/blog\/wp-content\/uploads\/2016\/06\/pastacasera.jpg","width":825,"height":618,"caption":"pasta casera"},{"@type":"WebSite","@id":"https:\/\/www.lecuine.com\/blog\/#website","url":"https:\/\/www.lecuine.com\/blog\/","name":"Lecuiners","description":"El blog de la tienda online Lecuine.com","potentialAction":[{"@type":"SearchAction","target":{"@type":"EntryPoint","urlTemplate":"https:\/\/www.lecuine.com\/blog\/?s={search_term_string}"},"query-input":{"@type":"PropertyValueSpecification","valueRequired":true,"valueName":"search_term_string"}}],"inLanguage":"es"},{"@type":"Person","@id":"https:\/\/www.lecuine.com\/blog\/#\/schema\/person\/5ebc04267097475807777711c3dccd17","name":"Alfredo","image":{"@type":"ImageObject","inLanguage":"es","@id":"https:\/\/www.lecuine.com\/blog\/wp-content\/uploads\/2019\/10\/lecuinero.jpg","url":"https:\/\/www.lecuine.com\/blog\/wp-content\/uploads\/2019\/10\/lecuinero.jpg","contentUrl":"https:\/\/www.lecuine.com\/blog\/wp-content\/uploads\/2019\/10\/lecuinero.jpg","caption":"Alfredo"},"url":"https:\/\/www.lecuine.com\/blog\/author\/alfredo\/"}]}},"_links":{"self":[{"href":"https:\/\/www.lecuine.com\/blog\/wp-json\/wp\/v2\/posts\/5304","targetHints":{"allow":["GET"]}}],"collection":[{"href":"https:\/\/www.lecuine.com\/blog\/wp-json\/wp\/v2\/posts"}],"about":[{"href":"https:\/\/www.lecuine.com\/blog\/wp-json\/wp\/v2\/types\/post"}],"author":[{"embeddable":true,"href":"https:\/\/www.lecuine.com\/blog\/wp-json\/wp\/v2\/users\/4"}],"replies":[{"embeddable":true,"href":"https:\/\/www.lecuine.com\/blog\/wp-json\/wp\/v2\/comments?post=5304"}],"version-history":[{"count":0,"href":"https:\/\/www.lecuine.com\/blog\/wp-json\/wp\/v2\/posts\/5304\/revisions"}],"wp:featuredmedia":[{"embeddable":true,"href":"https:\/\/www.lecuine.com\/blog\/wp-json\/wp\/v2\/media\/5327"}],"wp:attachment":[{"href":"https:\/\/www.lecuine.com\/blog\/wp-json\/wp\/v2\/media?parent=5304"}],"wp:term":[{"taxonomy":"category","embeddable":true,"href":"https:\/\/www.lecuine.com\/blog\/wp-json\/wp\/v2\/categories?post=5304"},{"taxonomy":"post_tag","embeddable":true,"href":"https:\/\/www.lecuine.com\/blog\/wp-json\/wp\/v2\/tags?post=5304"}],"curies":[{"name":"wp","href":"https:\/\/api.w.org\/{rel}","templated":true}]}}