{"id":368,"date":"2014-05-14T11:55:34","date_gmt":"2014-05-14T09:55:34","guid":{"rendered":"\/blog\/?p=368"},"modified":"2024-06-13T13:04:43","modified_gmt":"2024-06-13T11:04:43","slug":"receta-samfaina","status":"publish","type":"post","link":"https:\/\/www.lecuine.com\/blog\/receta-samfaina\/","title":{"rendered":"Receta para preparar Samfaina"},"content":{"rendered":"<p>Hoy os queremos ense\u00f1ar a hacer una receta muy sencilla, y con ingredientes que todos tenemos en casa, se hace muy r\u00e1pido y es una guarnici\u00f3n ideal tanto para pescado como para carne, hablo de la <strong>samfaina<\/strong>, muy parecida al pisto, pero \u00e9sta es de origen catal\u00e1n y el pisto es manchego. En Catalu\u00f1a se suele comer acompa\u00f1ada de bacalao, es algo muy t\u00edpico.<\/p>\n<p>Para hacerla hemos usado las sartenes De Buyer de acero inoxidable que son ideales ya que no se pegan jam\u00e1s y son muy duraderas y estables.<\/p>\n<p>Para cortar las verduritas con precisi\u00f3n y que os queden bien bonitas, os aconsejo usar un buen cuchillo de chef, como por ejemplo los cuchillos Global G2.<\/p>\n","protected":false},"excerpt":{"rendered":"<p>Hoy os queremos ense\u00f1ar a hacer una receta muy sencilla, y con ingredientes que todos tenemos en casa, se hace muy r\u00e1pido y es una guarnici\u00f3n ideal tanto para pescado como para carne, hablo de la samfaina, muy parecida al pisto, pero \u00e9sta es de origen catal\u00e1n y el pisto es manchego. En Catalu\u00f1a se&#8230;<\/p>\n","protected":false},"author":3,"featured_media":376,"comment_status":"open","ping_status":"open","sticky":false,"template":"","format":"standard","meta":{"_acf_changed":false,"footnotes":""},"categories":[5],"tags":[],"class_list":["post-368","post","type-post","status-publish","format-standard","has-post-thumbnail","hentry","category-recetas"],"acf":[],"yoast_head":"<!-- This site is optimized with the Yoast SEO plugin v27.2 - https:\/\/yoast.com\/product\/yoast-seo-wordpress\/ -->\n<title>Receta para preparar Samfaina - Lecuiners<\/title>\n<meta name=\"description\" content=\"Una sencilla receta de samfaina con ingredientes que seguro tienes en casa\" \/>\n<meta name=\"robots\" content=\"index, follow, max-snippet:-1, max-image-preview:large, max-video-preview:-1\" \/>\n<link rel=\"canonical\" href=\"https:\/\/www.lecuine.com\/blog\/receta-samfaina\/\" \/>\n<meta property=\"og:locale\" content=\"es_ES\" \/>\n<meta property=\"og:type\" content=\"article\" \/>\n<meta property=\"og:title\" content=\"Receta para preparar Samfaina - Lecuiners\" \/>\n<meta property=\"og:description\" content=\"Una sencilla receta de samfaina con ingredientes que seguro tienes en casa\" \/>\n<meta property=\"og:url\" content=\"http:\/\/www.lecuine.com\/blog\/receta-samfaina\/\" \/>\n<meta property=\"og:site_name\" content=\"Lecuiners\" \/>\n<meta property=\"article:published_time\" content=\"2014-05-14T09:55:34+00:00\" \/>\n<meta property=\"article:modified_time\" content=\"2024-06-13T11:04:43+00:00\" \/>\n<meta property=\"og:image\" content=\"https:\/\/www.lecuine.com\/blog\/wp-content\/uploads\/2014\/05\/facebook-samfaina.jpg\" \/>\n\t<meta property=\"og:image:width\" content=\"1000\" \/>\n\t<meta property=\"og:image:height\" content=\"550\" \/>\n\t<meta property=\"og:image:type\" content=\"image\/jpeg\" \/>\n<meta name=\"author\" content=\"Ester de Lacuinera.com\" \/>\n<meta name=\"twitter:label1\" content=\"Escrito por\" \/>\n\t<meta name=\"twitter:data1\" content=\"Ester de Lacuinera.com\" \/>\n\t<meta name=\"twitter:label2\" content=\"Tiempo de lectura\" \/>\n\t<meta name=\"twitter:data2\" content=\"3 minutos\" \/>\n<script type=\"application\/ld+json\" class=\"yoast-schema-graph\">{\"@context\":\"https:\/\/schema.org\",\"@graph\":[{\"@type\":\"Article\",\"@id\":\"https:\/\/www.lecuine.com\/blog\/receta-samfaina\/#article\",\"isPartOf\":{\"@id\":\"https:\/\/www.lecuine.com\/blog\/receta-samfaina\/\"},\"author\":{\"name\":\"Ester de Lacuinera.com\",\"@id\":\"https:\/\/www.lecuine.com\/blog\/#\/schema\/person\/21f87193695a78768bcec1dd51a3ecfb\"},\"headline\":\"Receta para preparar Samfaina\",\"datePublished\":\"2014-05-14T09:55:34+00:00\",\"dateModified\":\"2024-06-13T11:04:43+00:00\",\"mainEntityOfPage\":{\"@id\":\"https:\/\/www.lecuine.com\/blog\/receta-samfaina\/\"},\"wordCount\":130,\"commentCount\":1,\"image\":{\"@id\":\"https:\/\/www.lecuine.com\/blog\/receta-samfaina\/#primaryimage\"},\"thumbnailUrl\":\"https:\/\/www.lecuine.com\/blog\/wp-content\/uploads\/2014\/05\/samfaina-destacada.jpg\",\"articleSection\":[\"recetas\"],\"inLanguage\":\"es\",\"potentialAction\":[{\"@type\":\"CommentAction\",\"name\":\"Comment\",\"target\":[\"https:\/\/www.lecuine.com\/blog\/receta-samfaina\/#respond\"]}]},{\"@type\":\"WebPage\",\"@id\":\"https:\/\/www.lecuine.com\/blog\/receta-samfaina\/\",\"url\":\"https:\/\/www.lecuine.com\/blog\/receta-samfaina\/\",\"name\":\"Receta para preparar Samfaina - Lecuiners\",\"isPartOf\":{\"@id\":\"https:\/\/www.lecuine.com\/blog\/#website\"},\"primaryImageOfPage\":{\"@id\":\"https:\/\/www.lecuine.com\/blog\/receta-samfaina\/#primaryimage\"},\"image\":{\"@id\":\"https:\/\/www.lecuine.com\/blog\/receta-samfaina\/#primaryimage\"},\"thumbnailUrl\":\"https:\/\/www.lecuine.com\/blog\/wp-content\/uploads\/2014\/05\/samfaina-destacada.jpg\",\"datePublished\":\"2014-05-14T09:55:34+00:00\",\"dateModified\":\"2024-06-13T11:04:43+00:00\",\"author\":{\"@id\":\"https:\/\/www.lecuine.com\/blog\/#\/schema\/person\/21f87193695a78768bcec1dd51a3ecfb\"},\"description\":\"Una sencilla receta de samfaina con ingredientes que seguro tienes en casa\",\"inLanguage\":\"es\",\"potentialAction\":[{\"@type\":\"ReadAction\",\"target\":[\"https:\/\/www.lecuine.com\/blog\/receta-samfaina\/\"]}]},{\"@type\":\"ImageObject\",\"inLanguage\":\"es\",\"@id\":\"https:\/\/www.lecuine.com\/blog\/receta-samfaina\/#primaryimage\",\"url\":\"https:\/\/www.lecuine.com\/blog\/wp-content\/uploads\/2014\/05\/samfaina-destacada.jpg\",\"contentUrl\":\"https:\/\/www.lecuine.com\/blog\/wp-content\/uploads\/2014\/05\/samfaina-destacada.jpg\",\"width\":914,\"height\":560},{\"@type\":\"WebSite\",\"@id\":\"https:\/\/www.lecuine.com\/blog\/#website\",\"url\":\"https:\/\/www.lecuine.com\/blog\/\",\"name\":\"Lecuiners\",\"description\":\"El blog de la tienda online Lecuine.com\",\"potentialAction\":[{\"@type\":\"SearchAction\",\"target\":{\"@type\":\"EntryPoint\",\"urlTemplate\":\"https:\/\/www.lecuine.com\/blog\/?s={search_term_string}\"},\"query-input\":{\"@type\":\"PropertyValueSpecification\",\"valueRequired\":true,\"valueName\":\"search_term_string\"}}],\"inLanguage\":\"es\"},{\"@type\":\"Person\",\"@id\":\"https:\/\/www.lecuine.com\/blog\/#\/schema\/person\/21f87193695a78768bcec1dd51a3ecfb\",\"name\":\"Ester de Lacuinera.com\",\"image\":{\"@type\":\"ImageObject\",\"inLanguage\":\"es\",\"@id\":\"https:\/\/secure.gravatar.com\/avatar\/eea587d1a16c8f0f9742993b33d09b49b7756012e8d60908a4db65520f2c16bf?s=96&d=wp_user_avatar&r=g\",\"url\":\"https:\/\/secure.gravatar.com\/avatar\/eea587d1a16c8f0f9742993b33d09b49b7756012e8d60908a4db65520f2c16bf?s=96&d=wp_user_avatar&r=g\",\"contentUrl\":\"https:\/\/secure.gravatar.com\/avatar\/eea587d1a16c8f0f9742993b33d09b49b7756012e8d60908a4db65520f2c16bf?s=96&d=wp_user_avatar&r=g\",\"caption\":\"Ester de Lacuinera.com\"},\"description\":\"Ester es cocinera profesional especializada en reposter\u00eda en la Escuela Hofmann, donde trabaja. En su blog La Cuinera puedes aprender de sus recetas y sus cursos de cocina online, que organiza peri\u00f3dicamente.\",\"sameAs\":[\"https:\/\/x.com\/lacuinera\"],\"url\":\"https:\/\/www.lecuine.com\/blog\/author\/la-cuinera\/\"}]}<\/script>\n<!-- \/ Yoast SEO plugin. -->","yoast_head_json":{"title":"Receta para preparar Samfaina - Lecuiners","description":"Una sencilla receta de samfaina con ingredientes que seguro tienes en casa","robots":{"index":"index","follow":"follow","max-snippet":"max-snippet:-1","max-image-preview":"max-image-preview:large","max-video-preview":"max-video-preview:-1"},"canonical":"https:\/\/www.lecuine.com\/blog\/receta-samfaina\/","og_locale":"es_ES","og_type":"article","og_title":"Receta para preparar Samfaina - Lecuiners","og_description":"Una sencilla receta de samfaina con ingredientes que seguro tienes en casa","og_url":"http:\/\/www.lecuine.com\/blog\/receta-samfaina\/","og_site_name":"Lecuiners","article_published_time":"2014-05-14T09:55:34+00:00","article_modified_time":"2024-06-13T11:04:43+00:00","og_image":[{"width":1000,"height":550,"url":"https:\/\/www.lecuine.com\/blog\/wp-content\/uploads\/2014\/05\/facebook-samfaina.jpg","type":"image\/jpeg"}],"author":"Ester de Lacuinera.com","twitter_misc":{"Escrito por":"Ester de Lacuinera.com","Tiempo de lectura":"3 minutos"},"schema":{"@context":"https:\/\/schema.org","@graph":[{"@type":"Article","@id":"https:\/\/www.lecuine.com\/blog\/receta-samfaina\/#article","isPartOf":{"@id":"https:\/\/www.lecuine.com\/blog\/receta-samfaina\/"},"author":{"name":"Ester de Lacuinera.com","@id":"https:\/\/www.lecuine.com\/blog\/#\/schema\/person\/21f87193695a78768bcec1dd51a3ecfb"},"headline":"Receta para preparar Samfaina","datePublished":"2014-05-14T09:55:34+00:00","dateModified":"2024-06-13T11:04:43+00:00","mainEntityOfPage":{"@id":"https:\/\/www.lecuine.com\/blog\/receta-samfaina\/"},"wordCount":130,"commentCount":1,"image":{"@id":"https:\/\/www.lecuine.com\/blog\/receta-samfaina\/#primaryimage"},"thumbnailUrl":"https:\/\/www.lecuine.com\/blog\/wp-content\/uploads\/2014\/05\/samfaina-destacada.jpg","articleSection":["recetas"],"inLanguage":"es","potentialAction":[{"@type":"CommentAction","name":"Comment","target":["https:\/\/www.lecuine.com\/blog\/receta-samfaina\/#respond"]}]},{"@type":"WebPage","@id":"https:\/\/www.lecuine.com\/blog\/receta-samfaina\/","url":"https:\/\/www.lecuine.com\/blog\/receta-samfaina\/","name":"Receta para preparar Samfaina - Lecuiners","isPartOf":{"@id":"https:\/\/www.lecuine.com\/blog\/#website"},"primaryImageOfPage":{"@id":"https:\/\/www.lecuine.com\/blog\/receta-samfaina\/#primaryimage"},"image":{"@id":"https:\/\/www.lecuine.com\/blog\/receta-samfaina\/#primaryimage"},"thumbnailUrl":"https:\/\/www.lecuine.com\/blog\/wp-content\/uploads\/2014\/05\/samfaina-destacada.jpg","datePublished":"2014-05-14T09:55:34+00:00","dateModified":"2024-06-13T11:04:43+00:00","author":{"@id":"https:\/\/www.lecuine.com\/blog\/#\/schema\/person\/21f87193695a78768bcec1dd51a3ecfb"},"description":"Una sencilla receta de samfaina con ingredientes que seguro tienes en casa","inLanguage":"es","potentialAction":[{"@type":"ReadAction","target":["https:\/\/www.lecuine.com\/blog\/receta-samfaina\/"]}]},{"@type":"ImageObject","inLanguage":"es","@id":"https:\/\/www.lecuine.com\/blog\/receta-samfaina\/#primaryimage","url":"https:\/\/www.lecuine.com\/blog\/wp-content\/uploads\/2014\/05\/samfaina-destacada.jpg","contentUrl":"https:\/\/www.lecuine.com\/blog\/wp-content\/uploads\/2014\/05\/samfaina-destacada.jpg","width":914,"height":560},{"@type":"WebSite","@id":"https:\/\/www.lecuine.com\/blog\/#website","url":"https:\/\/www.lecuine.com\/blog\/","name":"Lecuiners","description":"El blog de la tienda online Lecuine.com","potentialAction":[{"@type":"SearchAction","target":{"@type":"EntryPoint","urlTemplate":"https:\/\/www.lecuine.com\/blog\/?s={search_term_string}"},"query-input":{"@type":"PropertyValueSpecification","valueRequired":true,"valueName":"search_term_string"}}],"inLanguage":"es"},{"@type":"Person","@id":"https:\/\/www.lecuine.com\/blog\/#\/schema\/person\/21f87193695a78768bcec1dd51a3ecfb","name":"Ester de Lacuinera.com","image":{"@type":"ImageObject","inLanguage":"es","@id":"https:\/\/secure.gravatar.com\/avatar\/eea587d1a16c8f0f9742993b33d09b49b7756012e8d60908a4db65520f2c16bf?s=96&d=wp_user_avatar&r=g","url":"https:\/\/secure.gravatar.com\/avatar\/eea587d1a16c8f0f9742993b33d09b49b7756012e8d60908a4db65520f2c16bf?s=96&d=wp_user_avatar&r=g","contentUrl":"https:\/\/secure.gravatar.com\/avatar\/eea587d1a16c8f0f9742993b33d09b49b7756012e8d60908a4db65520f2c16bf?s=96&d=wp_user_avatar&r=g","caption":"Ester de Lacuinera.com"},"description":"Ester es cocinera profesional especializada en reposter\u00eda en la Escuela Hofmann, donde trabaja. En su blog La Cuinera puedes aprender de sus recetas y sus cursos de cocina online, que organiza peri\u00f3dicamente.","sameAs":["https:\/\/x.com\/lacuinera"],"url":"https:\/\/www.lecuine.com\/blog\/author\/la-cuinera\/"}]}},"_links":{"self":[{"href":"https:\/\/www.lecuine.com\/blog\/wp-json\/wp\/v2\/posts\/368","targetHints":{"allow":["GET"]}}],"collection":[{"href":"https:\/\/www.lecuine.com\/blog\/wp-json\/wp\/v2\/posts"}],"about":[{"href":"https:\/\/www.lecuine.com\/blog\/wp-json\/wp\/v2\/types\/post"}],"author":[{"embeddable":true,"href":"https:\/\/www.lecuine.com\/blog\/wp-json\/wp\/v2\/users\/3"}],"replies":[{"embeddable":true,"href":"https:\/\/www.lecuine.com\/blog\/wp-json\/wp\/v2\/comments?post=368"}],"version-history":[{"count":1,"href":"https:\/\/www.lecuine.com\/blog\/wp-json\/wp\/v2\/posts\/368\/revisions"}],"predecessor-version":[{"id":13166,"href":"https:\/\/www.lecuine.com\/blog\/wp-json\/wp\/v2\/posts\/368\/revisions\/13166"}],"wp:featuredmedia":[{"embeddable":true,"href":"https:\/\/www.lecuine.com\/blog\/wp-json\/wp\/v2\/media\/376"}],"wp:attachment":[{"href":"https:\/\/www.lecuine.com\/blog\/wp-json\/wp\/v2\/media?parent=368"}],"wp:term":[{"taxonomy":"category","embeddable":true,"href":"https:\/\/www.lecuine.com\/blog\/wp-json\/wp\/v2\/categories?post=368"},{"taxonomy":"post_tag","embeddable":true,"href":"https:\/\/www.lecuine.com\/blog\/wp-json\/wp\/v2\/tags?post=368"}],"curies":[{"name":"wp","href":"https:\/\/api.w.org\/{rel}","templated":true}]}}