{"id":1180,"date":"2015-01-21T09:00:18","date_gmt":"2015-01-21T08:00:18","guid":{"rendered":"\/blog\/?p=1180"},"modified":"2020-10-13T18:29:45","modified_gmt":"2020-10-13T16:29:45","slug":"receta-bundt-cake-de-platano","status":"publish","type":"post","link":"https:\/\/www.lecuine.com\/blog\/receta-bundt-cake-de-platano\/","title":{"rendered":"Bundt cake de pl\u00e1tano"},"content":{"rendered":"<p>Para este bundt cake hemos usado un <a href=\"\/moldes-nordic-ware\/868-molde-heritage-bundt-de-nordic-ware.html\" target=\"_blank\" rel=\"noopener noreferrer\">molde bundt Nordic Ware Heritage<\/a>, que tiene una forma simplemente preciosa y muy elegante, recordar que los <strong>moldes Nordic Ware<\/strong> son garant\u00eda de calidad y nos asegura un desmoldado perfecto. Si nunca has utilizado un molde Nordic Ware antes te recomendamos que leas estos <a title=\"Consejos para hornear con moldes Nordic Ware\" href=\"\/blog\/consejos-moldes-nordic-ware-bundt-cake\/\">consejos<\/a>.<\/p>\n<p><img decoding=\"async\" width=\"616\" height=\"900\" class=\"aligncenter size-full wp-image-1181\" src=\"\/blog\/wp-content\/uploads\/2014\/12\/bundt-pl\u00e1tano-y-nueces1.jpg\" alt=\"\/moldes-nordic-ware\/868-molde-heritage-bundt-de-nordic-ware.html\" srcset=\"https:\/\/www.lecuine.com\/blog\/wp-content\/uploads\/2014\/12\/bundt-pl\u00e1tano-y-nueces1.jpg 616w, https:\/\/www.lecuine.com\/blog\/wp-content\/uploads\/2014\/12\/bundt-pl\u00e1tano-y-nueces1-277x405.jpg 277w, https:\/\/www.lecuine.com\/blog\/wp-content\/uploads\/2014\/12\/bundt-pl\u00e1tano-y-nueces1-383x560.jpg 383w\" sizes=\"(max-width: 616px) 100vw, 616px\" \/><\/p>\n<p>Si no encontr\u00e1is nueces pecanas, las pod\u00e9is sustituir por nueces normales, pero las nueces pecanas son mas dulces por eso son ideales para elaborar postres, le da un toque mas delicioso a todo. Tambi\u00e9n las podr\u00edais omitir, pero es agradable encontrarse las nueces por el bizcocho, le da un toque especial a este <strong>bundt cake de pl\u00e1tano<\/strong>.<\/p>\n<h2>El molde Nordic Ware<\/h2>\n<p>Esta receta la preparamos con uno de los moldes Nordic Ware que m\u00e1s gustan a tod@s: el Heritage. Recuerda que puedes <a title=\"Comprar molde Heritage Nordic Ware con descuento\" href=\"\/moldes-nordic-ware\/868-molde-heritage-bundt-de-nordic-ware.html\" target=\"_blank\" rel=\"noopener noreferrer\">comprar\u00a0el molde Heritage<\/a> en Lecuine con un descuento del 5% utilizando el c\u00f3digo \u00absoylecuiner\u00bb \ud83d\ude09<\/p>\n<p>La receta est\u00e1 basada en <a href=\"http:\/\/www.elrincondebea.com\/2010\/04\/classic-banana-bundt-cake.html\" target=\"_blank\" rel=\"noopener noreferrer\">esta de El rinc\u00f3n de Bea<\/a>, y la verdad es que queda deliciosa:<\/p>\n<h2><\/h2>\n","protected":false},"excerpt":{"rendered":"<p>Para este bundt cake hemos usado un molde bundt Nordic Ware Heritage, que tiene una forma simplemente preciosa y muy elegante, recordar que los moldes Nordic Ware son garant\u00eda de calidad y nos asegura un desmoldado perfecto. Si nunca has utilizado un molde Nordic Ware antes te recomendamos que leas estos consejos. Si no encontr\u00e1is&#8230;<\/p>\n","protected":false},"author":3,"featured_media":1350,"comment_status":"open","ping_status":"open","sticky":false,"template":"","format":"standard","meta":{"_acf_changed":false,"footnotes":""},"categories":[49,5],"tags":[52,47,46,62,67],"class_list":["post-1180","post","type-post","status-publish","format-standard","has-post-thumbnail","hentry","category-bundt","category-recetas","tag-bundt-cake","tag-heritage","tag-nordic-ware","tag-nueces-pecanas","tag-platano"],"acf":[],"yoast_head":"<!-- This site is optimized with the Yoast SEO plugin v27.2 - https:\/\/yoast.com\/product\/yoast-seo-wordpress\/ -->\n<title>Bundt Cake de pl\u00e1tano, receta paso a paso<\/title>\n<meta name=\"description\" content=\"Te proponemos una receta de bundt cake de pl\u00e1tano y nueces pecanas que queda s\u00faper esponjoso y muy sabroso, estamos seguros de que te encantar\u00e1.\" \/>\n<meta name=\"robots\" content=\"index, follow, max-snippet:-1, max-image-preview:large, max-video-preview:-1\" \/>\n<link rel=\"canonical\" href=\"https:\/\/www.lecuine.com\/blog\/receta-bundt-cake-de-platano\/\" \/>\n<meta property=\"og:locale\" content=\"es_ES\" \/>\n<meta property=\"og:type\" content=\"article\" \/>\n<meta property=\"og:title\" content=\"Bundt Cake de pl\u00e1tano, receta paso a paso\" \/>\n<meta property=\"og:description\" content=\"Te proponemos una receta de bundt cake de pl\u00e1tano y nueces pecanas que queda s\u00faper esponjoso y muy sabroso, estamos seguros de que te encantar\u00e1.\" \/>\n<meta property=\"og:url\" content=\"http:\/\/www.lecuine.com\/blog\/receta-bundt-cake-de-platano\/\" \/>\n<meta property=\"og:site_name\" content=\"Lecuiners\" \/>\n<meta property=\"article:published_time\" content=\"2015-01-21T08:00:18+00:00\" \/>\n<meta property=\"article:modified_time\" content=\"2020-10-13T16:29:45+00:00\" \/>\n<meta property=\"og:image\" content=\"https:\/\/www.lecuine.com\/blog\/wp-content\/uploads\/2015\/01\/bundt-cake-platano.jpg\" \/>\n\t<meta property=\"og:image:width\" content=\"914\" \/>\n\t<meta property=\"og:image:height\" content=\"560\" \/>\n\t<meta property=\"og:image:type\" content=\"image\/jpeg\" \/>\n<meta name=\"author\" content=\"Ester de Lacuinera.com\" \/>\n<meta name=\"twitter:label1\" content=\"Escrito por\" \/>\n\t<meta name=\"twitter:data1\" content=\"Ester de Lacuinera.com\" \/>\n\t<meta name=\"twitter:label2\" content=\"Tiempo de lectura\" \/>\n\t<meta name=\"twitter:data2\" content=\"1 minuto\" \/>\n<script type=\"application\/ld+json\" class=\"yoast-schema-graph\">{\"@context\":\"https:\/\/schema.org\",\"@graph\":[{\"@type\":\"Article\",\"@id\":\"https:\/\/www.lecuine.com\/blog\/receta-bundt-cake-de-platano\/#article\",\"isPartOf\":{\"@id\":\"https:\/\/www.lecuine.com\/blog\/receta-bundt-cake-de-platano\/\"},\"author\":{\"name\":\"Ester de Lacuinera.com\",\"@id\":\"https:\/\/www.lecuine.com\/blog\/#\/schema\/person\/21f87193695a78768bcec1dd51a3ecfb\"},\"headline\":\"Bundt cake de pl\u00e1tano\",\"datePublished\":\"2015-01-21T08:00:18+00:00\",\"dateModified\":\"2020-10-13T16:29:45+00:00\",\"mainEntityOfPage\":{\"@id\":\"https:\/\/www.lecuine.com\/blog\/receta-bundt-cake-de-platano\/\"},\"wordCount\":181,\"commentCount\":2,\"image\":{\"@id\":\"https:\/\/www.lecuine.com\/blog\/receta-bundt-cake-de-platano\/#primaryimage\"},\"thumbnailUrl\":\"https:\/\/www.lecuine.com\/blog\/wp-content\/uploads\/2015\/01\/bundt-cake-platano.jpg\",\"keywords\":[\"bundt cake\",\"heritage\",\"nordic ware\",\"nueces pecanas\",\"pl\u00e1tano\"],\"articleSection\":[\"bundt cakes\",\"recetas\"],\"inLanguage\":\"es\",\"potentialAction\":[{\"@type\":\"CommentAction\",\"name\":\"Comment\",\"target\":[\"https:\/\/www.lecuine.com\/blog\/receta-bundt-cake-de-platano\/#respond\"]}]},{\"@type\":\"WebPage\",\"@id\":\"https:\/\/www.lecuine.com\/blog\/receta-bundt-cake-de-platano\/\",\"url\":\"https:\/\/www.lecuine.com\/blog\/receta-bundt-cake-de-platano\/\",\"name\":\"Bundt Cake de pl\u00e1tano, receta paso a paso\",\"isPartOf\":{\"@id\":\"https:\/\/www.lecuine.com\/blog\/#website\"},\"primaryImageOfPage\":{\"@id\":\"https:\/\/www.lecuine.com\/blog\/receta-bundt-cake-de-platano\/#primaryimage\"},\"image\":{\"@id\":\"https:\/\/www.lecuine.com\/blog\/receta-bundt-cake-de-platano\/#primaryimage\"},\"thumbnailUrl\":\"https:\/\/www.lecuine.com\/blog\/wp-content\/uploads\/2015\/01\/bundt-cake-platano.jpg\",\"datePublished\":\"2015-01-21T08:00:18+00:00\",\"dateModified\":\"2020-10-13T16:29:45+00:00\",\"author\":{\"@id\":\"https:\/\/www.lecuine.com\/blog\/#\/schema\/person\/21f87193695a78768bcec1dd51a3ecfb\"},\"description\":\"Te proponemos una receta de bundt cake de pl\u00e1tano y nueces pecanas que queda s\u00faper esponjoso y muy sabroso, estamos seguros de que te encantar\u00e1.\",\"inLanguage\":\"es\",\"potentialAction\":[{\"@type\":\"ReadAction\",\"target\":[\"https:\/\/www.lecuine.com\/blog\/receta-bundt-cake-de-platano\/\"]}]},{\"@type\":\"ImageObject\",\"inLanguage\":\"es\",\"@id\":\"https:\/\/www.lecuine.com\/blog\/receta-bundt-cake-de-platano\/#primaryimage\",\"url\":\"https:\/\/www.lecuine.com\/blog\/wp-content\/uploads\/2015\/01\/bundt-cake-platano.jpg\",\"contentUrl\":\"https:\/\/www.lecuine.com\/blog\/wp-content\/uploads\/2015\/01\/bundt-cake-platano.jpg\",\"width\":914,\"height\":560},{\"@type\":\"WebSite\",\"@id\":\"https:\/\/www.lecuine.com\/blog\/#website\",\"url\":\"https:\/\/www.lecuine.com\/blog\/\",\"name\":\"Lecuiners\",\"description\":\"El blog de la tienda online Lecuine.com\",\"potentialAction\":[{\"@type\":\"SearchAction\",\"target\":{\"@type\":\"EntryPoint\",\"urlTemplate\":\"https:\/\/www.lecuine.com\/blog\/?s={search_term_string}\"},\"query-input\":{\"@type\":\"PropertyValueSpecification\",\"valueRequired\":true,\"valueName\":\"search_term_string\"}}],\"inLanguage\":\"es\"},{\"@type\":\"Person\",\"@id\":\"https:\/\/www.lecuine.com\/blog\/#\/schema\/person\/21f87193695a78768bcec1dd51a3ecfb\",\"name\":\"Ester de Lacuinera.com\",\"image\":{\"@type\":\"ImageObject\",\"inLanguage\":\"es\",\"@id\":\"https:\/\/secure.gravatar.com\/avatar\/eea587d1a16c8f0f9742993b33d09b49b7756012e8d60908a4db65520f2c16bf?s=96&d=wp_user_avatar&r=g\",\"url\":\"https:\/\/secure.gravatar.com\/avatar\/eea587d1a16c8f0f9742993b33d09b49b7756012e8d60908a4db65520f2c16bf?s=96&d=wp_user_avatar&r=g\",\"contentUrl\":\"https:\/\/secure.gravatar.com\/avatar\/eea587d1a16c8f0f9742993b33d09b49b7756012e8d60908a4db65520f2c16bf?s=96&d=wp_user_avatar&r=g\",\"caption\":\"Ester de Lacuinera.com\"},\"description\":\"Ester es cocinera profesional especializada en reposter\u00eda en la Escuela Hofmann, donde trabaja. En su blog La Cuinera puedes aprender de sus recetas y sus cursos de cocina online, que organiza peri\u00f3dicamente.\",\"sameAs\":[\"https:\/\/x.com\/lacuinera\"],\"url\":\"https:\/\/www.lecuine.com\/blog\/author\/la-cuinera\/\"}]}<\/script>\n<!-- \/ Yoast SEO plugin. -->","yoast_head_json":{"title":"Bundt Cake de pl\u00e1tano, receta paso a paso","description":"Te proponemos una receta de bundt cake de pl\u00e1tano y nueces pecanas que queda s\u00faper esponjoso y muy sabroso, estamos seguros de que te encantar\u00e1.","robots":{"index":"index","follow":"follow","max-snippet":"max-snippet:-1","max-image-preview":"max-image-preview:large","max-video-preview":"max-video-preview:-1"},"canonical":"https:\/\/www.lecuine.com\/blog\/receta-bundt-cake-de-platano\/","og_locale":"es_ES","og_type":"article","og_title":"Bundt Cake de pl\u00e1tano, receta paso a paso","og_description":"Te proponemos una receta de bundt cake de pl\u00e1tano y nueces pecanas que queda s\u00faper esponjoso y muy sabroso, estamos seguros de que te encantar\u00e1.","og_url":"http:\/\/www.lecuine.com\/blog\/receta-bundt-cake-de-platano\/","og_site_name":"Lecuiners","article_published_time":"2015-01-21T08:00:18+00:00","article_modified_time":"2020-10-13T16:29:45+00:00","og_image":[{"width":914,"height":560,"url":"https:\/\/www.lecuine.com\/blog\/wp-content\/uploads\/2015\/01\/bundt-cake-platano.jpg","type":"image\/jpeg"}],"author":"Ester de Lacuinera.com","twitter_misc":{"Escrito por":"Ester de Lacuinera.com","Tiempo de lectura":"1 minuto"},"schema":{"@context":"https:\/\/schema.org","@graph":[{"@type":"Article","@id":"https:\/\/www.lecuine.com\/blog\/receta-bundt-cake-de-platano\/#article","isPartOf":{"@id":"https:\/\/www.lecuine.com\/blog\/receta-bundt-cake-de-platano\/"},"author":{"name":"Ester de Lacuinera.com","@id":"https:\/\/www.lecuine.com\/blog\/#\/schema\/person\/21f87193695a78768bcec1dd51a3ecfb"},"headline":"Bundt cake de pl\u00e1tano","datePublished":"2015-01-21T08:00:18+00:00","dateModified":"2020-10-13T16:29:45+00:00","mainEntityOfPage":{"@id":"https:\/\/www.lecuine.com\/blog\/receta-bundt-cake-de-platano\/"},"wordCount":181,"commentCount":2,"image":{"@id":"https:\/\/www.lecuine.com\/blog\/receta-bundt-cake-de-platano\/#primaryimage"},"thumbnailUrl":"https:\/\/www.lecuine.com\/blog\/wp-content\/uploads\/2015\/01\/bundt-cake-platano.jpg","keywords":["bundt cake","heritage","nordic ware","nueces pecanas","pl\u00e1tano"],"articleSection":["bundt cakes","recetas"],"inLanguage":"es","potentialAction":[{"@type":"CommentAction","name":"Comment","target":["https:\/\/www.lecuine.com\/blog\/receta-bundt-cake-de-platano\/#respond"]}]},{"@type":"WebPage","@id":"https:\/\/www.lecuine.com\/blog\/receta-bundt-cake-de-platano\/","url":"https:\/\/www.lecuine.com\/blog\/receta-bundt-cake-de-platano\/","name":"Bundt Cake de pl\u00e1tano, receta paso a paso","isPartOf":{"@id":"https:\/\/www.lecuine.com\/blog\/#website"},"primaryImageOfPage":{"@id":"https:\/\/www.lecuine.com\/blog\/receta-bundt-cake-de-platano\/#primaryimage"},"image":{"@id":"https:\/\/www.lecuine.com\/blog\/receta-bundt-cake-de-platano\/#primaryimage"},"thumbnailUrl":"https:\/\/www.lecuine.com\/blog\/wp-content\/uploads\/2015\/01\/bundt-cake-platano.jpg","datePublished":"2015-01-21T08:00:18+00:00","dateModified":"2020-10-13T16:29:45+00:00","author":{"@id":"https:\/\/www.lecuine.com\/blog\/#\/schema\/person\/21f87193695a78768bcec1dd51a3ecfb"},"description":"Te proponemos una receta de bundt cake de pl\u00e1tano y nueces pecanas que queda s\u00faper esponjoso y muy sabroso, estamos seguros de que te encantar\u00e1.","inLanguage":"es","potentialAction":[{"@type":"ReadAction","target":["https:\/\/www.lecuine.com\/blog\/receta-bundt-cake-de-platano\/"]}]},{"@type":"ImageObject","inLanguage":"es","@id":"https:\/\/www.lecuine.com\/blog\/receta-bundt-cake-de-platano\/#primaryimage","url":"https:\/\/www.lecuine.com\/blog\/wp-content\/uploads\/2015\/01\/bundt-cake-platano.jpg","contentUrl":"https:\/\/www.lecuine.com\/blog\/wp-content\/uploads\/2015\/01\/bundt-cake-platano.jpg","width":914,"height":560},{"@type":"WebSite","@id":"https:\/\/www.lecuine.com\/blog\/#website","url":"https:\/\/www.lecuine.com\/blog\/","name":"Lecuiners","description":"El blog de la tienda online Lecuine.com","potentialAction":[{"@type":"SearchAction","target":{"@type":"EntryPoint","urlTemplate":"https:\/\/www.lecuine.com\/blog\/?s={search_term_string}"},"query-input":{"@type":"PropertyValueSpecification","valueRequired":true,"valueName":"search_term_string"}}],"inLanguage":"es"},{"@type":"Person","@id":"https:\/\/www.lecuine.com\/blog\/#\/schema\/person\/21f87193695a78768bcec1dd51a3ecfb","name":"Ester de Lacuinera.com","image":{"@type":"ImageObject","inLanguage":"es","@id":"https:\/\/secure.gravatar.com\/avatar\/eea587d1a16c8f0f9742993b33d09b49b7756012e8d60908a4db65520f2c16bf?s=96&d=wp_user_avatar&r=g","url":"https:\/\/secure.gravatar.com\/avatar\/eea587d1a16c8f0f9742993b33d09b49b7756012e8d60908a4db65520f2c16bf?s=96&d=wp_user_avatar&r=g","contentUrl":"https:\/\/secure.gravatar.com\/avatar\/eea587d1a16c8f0f9742993b33d09b49b7756012e8d60908a4db65520f2c16bf?s=96&d=wp_user_avatar&r=g","caption":"Ester de Lacuinera.com"},"description":"Ester es cocinera profesional especializada en reposter\u00eda en la Escuela Hofmann, donde trabaja. En su blog La Cuinera puedes aprender de sus recetas y sus cursos de cocina online, que organiza peri\u00f3dicamente.","sameAs":["https:\/\/x.com\/lacuinera"],"url":"https:\/\/www.lecuine.com\/blog\/author\/la-cuinera\/"}]}},"_links":{"self":[{"href":"https:\/\/www.lecuine.com\/blog\/wp-json\/wp\/v2\/posts\/1180","targetHints":{"allow":["GET"]}}],"collection":[{"href":"https:\/\/www.lecuine.com\/blog\/wp-json\/wp\/v2\/posts"}],"about":[{"href":"https:\/\/www.lecuine.com\/blog\/wp-json\/wp\/v2\/types\/post"}],"author":[{"embeddable":true,"href":"https:\/\/www.lecuine.com\/blog\/wp-json\/wp\/v2\/users\/3"}],"replies":[{"embeddable":true,"href":"https:\/\/www.lecuine.com\/blog\/wp-json\/wp\/v2\/comments?post=1180"}],"version-history":[{"count":0,"href":"https:\/\/www.lecuine.com\/blog\/wp-json\/wp\/v2\/posts\/1180\/revisions"}],"wp:featuredmedia":[{"embeddable":true,"href":"https:\/\/www.lecuine.com\/blog\/wp-json\/wp\/v2\/media\/1350"}],"wp:attachment":[{"href":"https:\/\/www.lecuine.com\/blog\/wp-json\/wp\/v2\/media?parent=1180"}],"wp:term":[{"taxonomy":"category","embeddable":true,"href":"https:\/\/www.lecuine.com\/blog\/wp-json\/wp\/v2\/categories?post=1180"},{"taxonomy":"post_tag","embeddable":true,"href":"https:\/\/www.lecuine.com\/blog\/wp-json\/wp\/v2\/tags?post=1180"}],"curies":[{"name":"wp","href":"https:\/\/api.w.org\/{rel}","templated":true}]}}