{"id":10056,"date":"2018-07-06T12:46:31","date_gmt":"2018-07-06T10:46:31","guid":{"rendered":"\/blog\/?p=10056"},"modified":"2024-06-11T13:05:55","modified_gmt":"2024-06-11T11:05:55","slug":"smoothie-de-cafe","status":"publish","type":"post","link":"https:\/\/www.lecuine.com\/blog\/smoothie-de-cafe\/","title":{"rendered":"Smoothie de caf\u00e9 para el desayuno"},"content":{"rendered":"<p>Tengo la mala costumbre de levantarme con el tiempo justo, en parte debido a que madrugo bastante y apuro el tiempo al m\u00e1ximo, con lo que entre semana el tiempo que dedico al desayuno es mas bien escaso con lo que muchas veces no me da tiempo de tomar nada m\u00e1s que el caf\u00e9. \u00bfA ti tambi\u00e9n te pasa?<\/p>\n<p>El problema de salir corriendo de casa tomando s\u00f3lo un caf\u00e9 es que al cabo de una, o como mucho 2 horas, me muero de hambre y empiezo a picotear.<\/p>\n<p>Hasta que un d\u00eda encontr\u00e9 la soluci\u00f3n. Si dejaba el desayuno preparado por la noche antes de acostarme, al d\u00eda siguiente tardaba en desayunar menos de lo que tardaba en prepararme el caf\u00e9.<\/p>\n<p>As\u00ed que me propuse unir mi necesidad de tomar ese delicioso caf\u00e9 matutino con la eficacia de tenerlo preparado cuando me levanto y adem\u00e1s consiguiendo que sea un desayuno saciante y de esa forma evitar picotear antes de la siguiente comida.<\/p>\n<p><strong>\u00bfY si adem\u00e1s del caf\u00e9 le a\u00f1adimos los beneficios de la avena y una pieza de fruta?<\/strong> Pensar\u00e1s que es imposible, por la ma\u00f1ana no tengo tiempo para desayunar todo eso.<\/p>\n<div class=\"videowrapper\"><iframe src=\"https:\/\/www.youtube.com\/embed\/bDxr0gAIRao\" frameborder=\"0\" allowfullscreen=\"allowfullscreen\"><\/iframe><\/div>\n<p>No hay nada imposible. <strong>Est\u00e1 demostrado que un desayuno en el que incluimos tanto hidratos de carbono como prote\u00ednas como grasas saludables es muy saciante<\/strong> y nos aporta suficiente energ\u00eda para desarrollar las actividades cotidianas y llegar sin excesiva hambre hasta la siguiente comida. As\u00ed que vamos a unir todos los ingredientes necesarios en una sola receta.<\/p>\n<p>Prepara los ingredientes que nos ponemos manos a la obra para preparar el\u00a0smoothie de caf\u00e9 y avena.<\/p>\n","protected":false},"excerpt":{"rendered":"<p>Tengo la mala costumbre de levantarme con el tiempo justo, en parte debido a que madrugo bastante y apuro el tiempo al m\u00e1ximo, con lo que entre semana el tiempo que dedico al desayuno es mas bien escaso con lo que muchas veces no me da tiempo de tomar nada m\u00e1s que el caf\u00e9. \u00bfA&#8230;<\/p>\n","protected":false},"author":37,"featured_media":10060,"comment_status":"open","ping_status":"closed","sticky":false,"template":"","format":"standard","meta":{"_acf_changed":false,"footnotes":""},"categories":[5],"tags":[],"class_list":["post-10056","post","type-post","status-publish","format-standard","has-post-thumbnail","hentry","category-recetas"],"acf":[],"yoast_head":"<!-- This site is optimized with the Yoast SEO plugin v27.2 - https:\/\/yoast.com\/product\/yoast-seo-wordpress\/ -->\n<title>Smoothie de caf\u00e9 para el desayuno - Lecuiners<\/title>\n<meta name=\"description\" content=\"Smoothie de caf\u00e9 y avena. Prepara un smoothie especial para desayunar, que puedes dejar preparado te dar\u00e1 la energ\u00eda necesaria para comenzar el d\u00eda.\" \/>\n<meta name=\"robots\" content=\"index, follow, max-snippet:-1, max-image-preview:large, max-video-preview:-1\" \/>\n<link rel=\"canonical\" href=\"https:\/\/www.lecuine.com\/blog\/smoothie-de-cafe\/\" \/>\n<meta property=\"og:locale\" content=\"es_ES\" \/>\n<meta property=\"og:type\" content=\"article\" \/>\n<meta property=\"og:title\" content=\"Smoothie de caf\u00e9 para el desayuno - Lecuiners\" \/>\n<meta property=\"og:description\" content=\"Smoothie de caf\u00e9 y avena. Prepara un smoothie especial para desayunar, que puedes dejar preparado te dar\u00e1 la energ\u00eda necesaria para comenzar el d\u00eda.\" \/>\n<meta property=\"og:url\" content=\"http:\/\/www.lecuine.com\/blog\/smoothie-de-cafe\/\" \/>\n<meta property=\"og:site_name\" content=\"Lecuiners\" \/>\n<meta property=\"article:published_time\" content=\"2018-07-06T10:46:31+00:00\" \/>\n<meta property=\"article:modified_time\" content=\"2024-06-11T11:05:55+00:00\" \/>\n<meta property=\"og:image\" content=\"https:\/\/www.lecuine.com\/blog\/wp-content\/uploads\/2018\/07\/smoothie-cafe.jpg\" \/>\n\t<meta property=\"og:image:width\" content=\"1392\" \/>\n\t<meta property=\"og:image:height\" content=\"908\" \/>\n\t<meta property=\"og:image:type\" content=\"image\/jpeg\" \/>\n<meta name=\"author\" content=\"M\u00f3nica Acha\" \/>\n<meta name=\"twitter:label1\" content=\"Escrito por\" \/>\n\t<meta name=\"twitter:data1\" content=\"M\u00f3nica Acha\" \/>\n\t<meta name=\"twitter:label2\" content=\"Tiempo de lectura\" \/>\n\t<meta name=\"twitter:data2\" content=\"4 minutos\" \/>\n<script type=\"application\/ld+json\" class=\"yoast-schema-graph\">{\"@context\":\"https:\/\/schema.org\",\"@graph\":[{\"@type\":\"Article\",\"@id\":\"https:\/\/www.lecuine.com\/blog\/smoothie-de-cafe\/#article\",\"isPartOf\":{\"@id\":\"https:\/\/www.lecuine.com\/blog\/smoothie-de-cafe\/\"},\"author\":{\"name\":\"M\u00f3nica Acha\",\"@id\":\"https:\/\/www.lecuine.com\/blog\/#\/schema\/person\/804bf61d54b45a5d8b9f7a811a2f97f9\"},\"headline\":\"Smoothie de caf\u00e9 para el desayuno\",\"datePublished\":\"2018-07-06T10:46:31+00:00\",\"dateModified\":\"2024-06-11T11:05:55+00:00\",\"mainEntityOfPage\":{\"@id\":\"https:\/\/www.lecuine.com\/blog\/smoothie-de-cafe\/\"},\"wordCount\":297,\"commentCount\":1,\"image\":{\"@id\":\"https:\/\/www.lecuine.com\/blog\/smoothie-de-cafe\/#primaryimage\"},\"thumbnailUrl\":\"https:\/\/www.lecuine.com\/blog\/wp-content\/uploads\/2018\/07\/smoothie-cafe.jpg\",\"articleSection\":[\"recetas\"],\"inLanguage\":\"es\",\"potentialAction\":[{\"@type\":\"CommentAction\",\"name\":\"Comment\",\"target\":[\"https:\/\/www.lecuine.com\/blog\/smoothie-de-cafe\/#respond\"]}]},{\"@type\":\"WebPage\",\"@id\":\"https:\/\/www.lecuine.com\/blog\/smoothie-de-cafe\/\",\"url\":\"https:\/\/www.lecuine.com\/blog\/smoothie-de-cafe\/\",\"name\":\"Smoothie de caf\u00e9 para el desayuno - Lecuiners\",\"isPartOf\":{\"@id\":\"https:\/\/www.lecuine.com\/blog\/#website\"},\"primaryImageOfPage\":{\"@id\":\"https:\/\/www.lecuine.com\/blog\/smoothie-de-cafe\/#primaryimage\"},\"image\":{\"@id\":\"https:\/\/www.lecuine.com\/blog\/smoothie-de-cafe\/#primaryimage\"},\"thumbnailUrl\":\"https:\/\/www.lecuine.com\/blog\/wp-content\/uploads\/2018\/07\/smoothie-cafe.jpg\",\"datePublished\":\"2018-07-06T10:46:31+00:00\",\"dateModified\":\"2024-06-11T11:05:55+00:00\",\"author\":{\"@id\":\"https:\/\/www.lecuine.com\/blog\/#\/schema\/person\/804bf61d54b45a5d8b9f7a811a2f97f9\"},\"description\":\"Smoothie de caf\u00e9 y avena. Prepara un smoothie especial para desayunar, que puedes dejar preparado te dar\u00e1 la energ\u00eda necesaria para comenzar el d\u00eda.\",\"inLanguage\":\"es\",\"potentialAction\":[{\"@type\":\"ReadAction\",\"target\":[\"https:\/\/www.lecuine.com\/blog\/smoothie-de-cafe\/\"]}]},{\"@type\":\"ImageObject\",\"inLanguage\":\"es\",\"@id\":\"https:\/\/www.lecuine.com\/blog\/smoothie-de-cafe\/#primaryimage\",\"url\":\"https:\/\/www.lecuine.com\/blog\/wp-content\/uploads\/2018\/07\/smoothie-cafe.jpg\",\"contentUrl\":\"https:\/\/www.lecuine.com\/blog\/wp-content\/uploads\/2018\/07\/smoothie-cafe.jpg\",\"width\":1392,\"height\":908,\"caption\":\"Smoothie caf\u00e9 y avena\"},{\"@type\":\"WebSite\",\"@id\":\"https:\/\/www.lecuine.com\/blog\/#website\",\"url\":\"https:\/\/www.lecuine.com\/blog\/\",\"name\":\"Lecuiners\",\"description\":\"El blog de la tienda online Lecuine.com\",\"potentialAction\":[{\"@type\":\"SearchAction\",\"target\":{\"@type\":\"EntryPoint\",\"urlTemplate\":\"https:\/\/www.lecuine.com\/blog\/?s={search_term_string}\"},\"query-input\":{\"@type\":\"PropertyValueSpecification\",\"valueRequired\":true,\"valueName\":\"search_term_string\"}}],\"inLanguage\":\"es\"},{\"@type\":\"Person\",\"@id\":\"https:\/\/www.lecuine.com\/blog\/#\/schema\/person\/804bf61d54b45a5d8b9f7a811a2f97f9\",\"name\":\"M\u00f3nica Acha\",\"image\":{\"@type\":\"ImageObject\",\"inLanguage\":\"es\",\"@id\":\"https:\/\/www.lecuine.com\/blog\/wp-content\/uploads\/2018\/05\/monica-acha.png\",\"url\":\"https:\/\/www.lecuine.com\/blog\/wp-content\/uploads\/2018\/05\/monica-acha.png\",\"contentUrl\":\"https:\/\/www.lecuine.com\/blog\/wp-content\/uploads\/2018\/05\/monica-acha.png\",\"caption\":\"M\u00f3nica Acha\"},\"description\":\"Hola. Me llamo M\u00f3nica Acha. Soy licenciada en Ciencia y Tecnolog\u00eda de los Alimentos y soy una autentica apasionada de la alimentaci\u00f3n saludable. Desde peque\u00f1a me ha gustado mucho cocinar y experimentar en la cocina nuevas recetas con ingredientes diferentes. Me encanta utilizar recetas de otras culturas y otros pa\u00edses en mi alimentaci\u00f3n y en la de mi familia. Estoy adem\u00e1s convencida de que la alimentaci\u00f3n es una parte important\u00edsima de nuestra salud. Actualmente me dedico profesionalmente a ayudar a los dem\u00e1s a cambiar de h\u00e1bitos y llevar una alimentaci\u00f3n saludable. Visita mi web Simple Blending y mi canal Youtube\",\"sameAs\":[\"https:\/\/www.simpleblending.com\/\",\"https:\/\/x.com\/simpleblending\"],\"url\":\"https:\/\/www.lecuine.com\/blog\/author\/monicaacha\/\"}]}<\/script>\n<!-- \/ Yoast SEO plugin. -->","yoast_head_json":{"title":"Smoothie de caf\u00e9 para el desayuno - Lecuiners","description":"Smoothie de caf\u00e9 y avena. Prepara un smoothie especial para desayunar, que puedes dejar preparado te dar\u00e1 la energ\u00eda necesaria para comenzar el d\u00eda.","robots":{"index":"index","follow":"follow","max-snippet":"max-snippet:-1","max-image-preview":"max-image-preview:large","max-video-preview":"max-video-preview:-1"},"canonical":"https:\/\/www.lecuine.com\/blog\/smoothie-de-cafe\/","og_locale":"es_ES","og_type":"article","og_title":"Smoothie de caf\u00e9 para el desayuno - Lecuiners","og_description":"Smoothie de caf\u00e9 y avena. Prepara un smoothie especial para desayunar, que puedes dejar preparado te dar\u00e1 la energ\u00eda necesaria para comenzar el d\u00eda.","og_url":"http:\/\/www.lecuine.com\/blog\/smoothie-de-cafe\/","og_site_name":"Lecuiners","article_published_time":"2018-07-06T10:46:31+00:00","article_modified_time":"2024-06-11T11:05:55+00:00","og_image":[{"width":1392,"height":908,"url":"https:\/\/www.lecuine.com\/blog\/wp-content\/uploads\/2018\/07\/smoothie-cafe.jpg","type":"image\/jpeg"}],"author":"M\u00f3nica Acha","twitter_misc":{"Escrito por":"M\u00f3nica Acha","Tiempo de lectura":"4 minutos"},"schema":{"@context":"https:\/\/schema.org","@graph":[{"@type":"Article","@id":"https:\/\/www.lecuine.com\/blog\/smoothie-de-cafe\/#article","isPartOf":{"@id":"https:\/\/www.lecuine.com\/blog\/smoothie-de-cafe\/"},"author":{"name":"M\u00f3nica Acha","@id":"https:\/\/www.lecuine.com\/blog\/#\/schema\/person\/804bf61d54b45a5d8b9f7a811a2f97f9"},"headline":"Smoothie de caf\u00e9 para el desayuno","datePublished":"2018-07-06T10:46:31+00:00","dateModified":"2024-06-11T11:05:55+00:00","mainEntityOfPage":{"@id":"https:\/\/www.lecuine.com\/blog\/smoothie-de-cafe\/"},"wordCount":297,"commentCount":1,"image":{"@id":"https:\/\/www.lecuine.com\/blog\/smoothie-de-cafe\/#primaryimage"},"thumbnailUrl":"https:\/\/www.lecuine.com\/blog\/wp-content\/uploads\/2018\/07\/smoothie-cafe.jpg","articleSection":["recetas"],"inLanguage":"es","potentialAction":[{"@type":"CommentAction","name":"Comment","target":["https:\/\/www.lecuine.com\/blog\/smoothie-de-cafe\/#respond"]}]},{"@type":"WebPage","@id":"https:\/\/www.lecuine.com\/blog\/smoothie-de-cafe\/","url":"https:\/\/www.lecuine.com\/blog\/smoothie-de-cafe\/","name":"Smoothie de caf\u00e9 para el desayuno - Lecuiners","isPartOf":{"@id":"https:\/\/www.lecuine.com\/blog\/#website"},"primaryImageOfPage":{"@id":"https:\/\/www.lecuine.com\/blog\/smoothie-de-cafe\/#primaryimage"},"image":{"@id":"https:\/\/www.lecuine.com\/blog\/smoothie-de-cafe\/#primaryimage"},"thumbnailUrl":"https:\/\/www.lecuine.com\/blog\/wp-content\/uploads\/2018\/07\/smoothie-cafe.jpg","datePublished":"2018-07-06T10:46:31+00:00","dateModified":"2024-06-11T11:05:55+00:00","author":{"@id":"https:\/\/www.lecuine.com\/blog\/#\/schema\/person\/804bf61d54b45a5d8b9f7a811a2f97f9"},"description":"Smoothie de caf\u00e9 y avena. Prepara un smoothie especial para desayunar, que puedes dejar preparado te dar\u00e1 la energ\u00eda necesaria para comenzar el d\u00eda.","inLanguage":"es","potentialAction":[{"@type":"ReadAction","target":["https:\/\/www.lecuine.com\/blog\/smoothie-de-cafe\/"]}]},{"@type":"ImageObject","inLanguage":"es","@id":"https:\/\/www.lecuine.com\/blog\/smoothie-de-cafe\/#primaryimage","url":"https:\/\/www.lecuine.com\/blog\/wp-content\/uploads\/2018\/07\/smoothie-cafe.jpg","contentUrl":"https:\/\/www.lecuine.com\/blog\/wp-content\/uploads\/2018\/07\/smoothie-cafe.jpg","width":1392,"height":908,"caption":"Smoothie caf\u00e9 y avena"},{"@type":"WebSite","@id":"https:\/\/www.lecuine.com\/blog\/#website","url":"https:\/\/www.lecuine.com\/blog\/","name":"Lecuiners","description":"El blog de la tienda online Lecuine.com","potentialAction":[{"@type":"SearchAction","target":{"@type":"EntryPoint","urlTemplate":"https:\/\/www.lecuine.com\/blog\/?s={search_term_string}"},"query-input":{"@type":"PropertyValueSpecification","valueRequired":true,"valueName":"search_term_string"}}],"inLanguage":"es"},{"@type":"Person","@id":"https:\/\/www.lecuine.com\/blog\/#\/schema\/person\/804bf61d54b45a5d8b9f7a811a2f97f9","name":"M\u00f3nica Acha","image":{"@type":"ImageObject","inLanguage":"es","@id":"https:\/\/www.lecuine.com\/blog\/wp-content\/uploads\/2018\/05\/monica-acha.png","url":"https:\/\/www.lecuine.com\/blog\/wp-content\/uploads\/2018\/05\/monica-acha.png","contentUrl":"https:\/\/www.lecuine.com\/blog\/wp-content\/uploads\/2018\/05\/monica-acha.png","caption":"M\u00f3nica Acha"},"description":"Hola. Me llamo M\u00f3nica Acha. Soy licenciada en Ciencia y Tecnolog\u00eda de los Alimentos y soy una autentica apasionada de la alimentaci\u00f3n saludable. Desde peque\u00f1a me ha gustado mucho cocinar y experimentar en la cocina nuevas recetas con ingredientes diferentes. Me encanta utilizar recetas de otras culturas y otros pa\u00edses en mi alimentaci\u00f3n y en la de mi familia. Estoy adem\u00e1s convencida de que la alimentaci\u00f3n es una parte important\u00edsima de nuestra salud. Actualmente me dedico profesionalmente a ayudar a los dem\u00e1s a cambiar de h\u00e1bitos y llevar una alimentaci\u00f3n saludable. Visita mi web Simple Blending y mi canal Youtube","sameAs":["https:\/\/www.simpleblending.com\/","https:\/\/x.com\/simpleblending"],"url":"https:\/\/www.lecuine.com\/blog\/author\/monicaacha\/"}]}},"_links":{"self":[{"href":"https:\/\/www.lecuine.com\/blog\/wp-json\/wp\/v2\/posts\/10056","targetHints":{"allow":["GET"]}}],"collection":[{"href":"https:\/\/www.lecuine.com\/blog\/wp-json\/wp\/v2\/posts"}],"about":[{"href":"https:\/\/www.lecuine.com\/blog\/wp-json\/wp\/v2\/types\/post"}],"author":[{"embeddable":true,"href":"https:\/\/www.lecuine.com\/blog\/wp-json\/wp\/v2\/users\/37"}],"replies":[{"embeddable":true,"href":"https:\/\/www.lecuine.com\/blog\/wp-json\/wp\/v2\/comments?post=10056"}],"version-history":[{"count":3,"href":"https:\/\/www.lecuine.com\/blog\/wp-json\/wp\/v2\/posts\/10056\/revisions"}],"predecessor-version":[{"id":13042,"href":"https:\/\/www.lecuine.com\/blog\/wp-json\/wp\/v2\/posts\/10056\/revisions\/13042"}],"wp:featuredmedia":[{"embeddable":true,"href":"https:\/\/www.lecuine.com\/blog\/wp-json\/wp\/v2\/media\/10060"}],"wp:attachment":[{"href":"https:\/\/www.lecuine.com\/blog\/wp-json\/wp\/v2\/media?parent=10056"}],"wp:term":[{"taxonomy":"category","embeddable":true,"href":"https:\/\/www.lecuine.com\/blog\/wp-json\/wp\/v2\/categories?post=10056"},{"taxonomy":"post_tag","embeddable":true,"href":"https:\/\/www.lecuine.com\/blog\/wp-json\/wp\/v2\/tags?post=10056"}],"curies":[{"name":"wp","href":"https:\/\/api.w.org\/{rel}","templated":true}]}}